{"id":442,"date":"2021-04-05T13:23:50","date_gmt":"2021-04-05T13:23:50","guid":{"rendered":"https:\/\/reparacionmovil.es\/blog\/?p=442"},"modified":"2021-04-05T13:23:50","modified_gmt":"2021-04-05T13:23:50","slug":"como-ser-mas-productivo-con-ipad-pro","status":"publish","type":"post","link":"https:\/\/reparacionmovil.es\/blog\/como-ser-mas-productivo-con-ipad-pro\/","title":{"rendered":"C\u00f3mo ser m\u00e1s productivo con iPad Pro"},"content":{"rendered":"<p>Con las herramientas adecuadas y los ajustes adecuados, el iPad Pro puede convertirse en un caballo de batalla de productividad. En este art\u00edculo, le mostrar\u00e9 exactamente c\u00f3mo ser m\u00e1s productivo con iPad Pro.<\/p>\n<p>Seguimos escuchando historias de que el iPad Pro puede ser incluso m\u00e1s capaz que una computadora port\u00e1til para hacer las cosas. Es muy tentador cambiar de una computadora a la tableta de gama alta de Apple, ya que a menudo se la describe como el mejor dispositivo inform\u00e1tico port\u00e1til. Tiene una pantalla impresionante, una potencia de procesamiento fant\u00e1stica, todo empaquetado en un dise\u00f1o m\u00f3vil peque\u00f1o y liviano.<br \/>\nSin embargo, incluso si el dispositivo se comercializa como una m\u00e1quina \u00abPro\u00bb, se puede escuchar para saber si el iPad Pro ser\u00e1 suficiente para hacer su trabajo. Dependiendo de la revisi\u00f3n y las experiencias sobre las que leas, las personas est\u00e1n enamoradas del dispositivo o lo consideran un juguete solo apto para jugar algunos juegos y ver Netflix.<br \/>\nEn este art\u00edculo, le dar\u00e9 algunos de mis consejos de productividad profesionales de iPad favoritos, ya que he estado usando este dispositivo como mi dispositivo inform\u00e1tico principal para una variedad de tareas durante los \u00faltimos seis meses.<\/p>\n<h2>El dise\u00f1o del iPad Pro limita las distracciones<\/h2>\n<p>Lo primero que me encant\u00f3 del iPad Pro fue c\u00f3mo se enfoca en tareas individuales. Las aplicaciones se muestran en pantalla completa, el dock est\u00e1 oculto y, si se deshace de las notificaciones (lo que debe hacer), no puede distraerse con nada m\u00e1s que lo que est\u00e1 haciendo actualmente.<br \/>\nAunque la marca con sede en Cupertino se ha esforzado mucho en las funciones multitarea del iPad Pro, creo que las funciones de pantalla dividida no son tan f\u00e1ciles de usar. Me resulta m\u00e1s r\u00e1pido presionar el atajo comando + tabulaci\u00f3n en mi teclado para cambiar entre aplicaciones que tener que colocar ventanas una al lado de la otra. Si bien esto puede parecer un inconveniente, creo que te ayuda a concentrarte en tus tareas sin distraerte nunca. La cantidad de esfuerzo que debe realizar para poder realizar m\u00faltiples tareas o cambiar de aplicaci\u00f3n es mayor que en una computadora port\u00e1til, lo que hace que concentrarse en una sola tarea en una sola aplicaci\u00f3n sea mucho m\u00e1s pr\u00e1ctico.<br \/>\nLa configuraci\u00f3n de notificaciones tambi\u00e9n es mucho m\u00e1s flexible que en un dispositivo de escritorio. Puede optar por desactivar los banners, pero seguir viendo notificaciones en el centro de notificaciones de su iPad Pro. De esta manera, elimina la interrupci\u00f3n de un banner en la parte superior de la pantalla, y al mismo tiempo puede mantenerse actualizado con cualquier aplicaci\u00f3n o conversaci\u00f3n que tenga.<br \/>\nEl dise\u00f1o del iPad Pro hace que sea mucho m\u00e1s f\u00e1cil hacer un trabajo profundo que la experiencia de una computadora port\u00e1til. Las distracciones se eliminan f\u00e1cilmente y permanecer en una aplicaci\u00f3n de pantalla completa es incre\u00edblemente fant\u00e1stico.<\/p>\n<h3>Uso de las aplicaciones adecuadas en el iPad Pro<\/h3>\n<p>Esta parte ser\u00e1 la m\u00e1s dif\u00edcil de cubrir, ya que obtener las aplicaciones de productividad adecuadas para iPad Pro depende en gran medida de su flujo de trabajo actual y de sus preferencias personales.<br \/>\nEn realidad, la mayor\u00eda de las aplicaciones en una Mac tienen una versi\u00f3n adecuada de iPad o un equivalente que cubrir\u00e1, al menos, la mayor\u00eda de las funciones b\u00e1sicas que necesita para realizar su trabajo. Dependiendo de las herramientas que uses, tendr\u00e1s que investigar un poco para averiguar si el iPad te limitar\u00e1 de alguna manera o no.<br \/>\nEn mi caso, creo contenido usando la aplicaci\u00f3n de escritura minimalista Bear. Ah\u00ed es donde tomo mis notas, hago una lluvia de ideas y escribo el contenido de mi blog. Edito mi sitio web usando Squarespace en Safari, incluso si es un poco limitado. Edito mis otros sitios directamente en WordPress y todo funciona bastante bien. Edito mis im\u00e1genes en Lightroom y Photoshop. Photoshop no es tan completo como en una Mac, pero para la edici\u00f3n b\u00e1sica de fotos, funciona bien. Edito videos 4K en Lumafusion. Es suficiente para historias y videos cortos, no demasiado ambiciosos, de redes sociales, y funciona incre\u00edblemente bien. Tambi\u00e9n puedo administrar mi Google Drive, as\u00ed como en una Mac, administrar mis archivos directamente en la aplicaci\u00f3n Archivos e incluso hacer copias de seguridad y administraci\u00f3n de archivos en discos duros externos.<br \/>\nEl \u00fanico trabajo para el que necesitaba una computadora de escritorio era editar un poco en mi sitio web de Squarespace, que conf\u00edo ser\u00e1 posible m\u00e1s temprano que tarde despu\u00e9s de algunas actualizaciones y parches.<br \/>\nAhora hay numerosos recursos en l\u00ednea sobre profesionales que profundizan en los detalles sobre su flujo de trabajo, ya que muchas personas ya han realizado la transici\u00f3n completa al iPad Pro.<br \/>\nVale la pena se\u00f1alar que su flujo de trabajo tendr\u00e1 que cambiar un poco del que est\u00e1 acostumbrado en el escritorio, pero en \u00faltima instancia, deber\u00eda poder ser tan productivo en el iPad Pro como en una computadora port\u00e1til, pero con menos distracciones y funciones innecesarias.<br \/>\nEl iPad Pro es un dispositivo muy potente si te comprometes con \u00e9l y si dedicas alg\u00fan tiempo a adaptar tu flujo de trabajo. Si no invierte este tiempo y esfuerzo, el iPad Pro solo aparecer\u00e1 como un peque\u00f1o juguete genial que no le permitir\u00e1 hacer nada. Pero con un buen teclado y mouse, con un flujo de trabajo adaptado y con algunas configuraciones de notificaciones inteligentes, el iPad Pro puede convertirse en la mejor m\u00e1quina de productividad.<br \/>\nEs un dispositivo muy minimalista. Deje a un lado todos los detalles y las cosas que no importan. Con el iPad Pro, puede concentrarse totalmente en el 20% que contribuye al 80% de sus resultados.<\/p>\n<p><a href=\"https:\/\/reparacionmovil.es\/reparar-ipad-pro-series\">Precio de reparar ipad pro<\/a><\/p>\n","protected":false},"excerpt":{"rendered":"<p>Con las herramientas adecuadas y los ajustes adecuados, el iPad Pro puede convertirse en un caballo de batalla de productividad. En este art\u00edculo, le mostrar\u00e9 exactamente c\u00f3mo ser m\u00e1s productivo con iPad Pro. Seguimos escuchando historias de que el iPad Pro puede ser incluso m\u00e1s capaz que una computadora port\u00e1til para hacer las cosas. Es [&hellip;]<\/p>\n","protected":false},"author":1,"featured_media":443,"comment_status":"open","ping_status":"open","sticky":false,"template":"","format":"standard","meta":{"footnotes":""},"categories":[2],"tags":[],"class_list":["post-442","post","type-post","status-publish","format-standard","has-post-thumbnail","hentry","category-moviles"],"yoast_head":"<!-- This site is optimized with the Yoast SEO plugin v20.4 - https:\/\/yoast.com\/wordpress\/plugins\/seo\/ -->\n<title>C\u00f3mo ser m\u00e1s productivo con iPad Pro | consejos ipad pro<\/title>\n<meta name=\"description\" content=\"C\u00f3mo ser m\u00e1s productivo con iPad Pro, consejos ipad pro. ncluso si el dispositivo se comercializa como una m\u00e1quina &quot;Pro&quot;\" \/>\n<meta name=\"robots\" content=\"index, follow, max-snippet:-1, max-image-preview:large, max-video-preview:-1\" \/>\n<link rel=\"canonical\" href=\"https:\/\/reparacionmovil.es\/blog\/como-ser-mas-productivo-con-ipad-pro\/\" \/>\n<meta property=\"og:locale\" content=\"es_ES\" \/>\n<meta property=\"og:type\" content=\"article\" \/>\n<meta property=\"og:title\" content=\"C\u00f3mo ser m\u00e1s productivo con iPad Pro | consejos ipad pro\" \/>\n<meta property=\"og:description\" content=\"C\u00f3mo ser m\u00e1s productivo con iPad Pro, consejos ipad pro. ncluso si el dispositivo se comercializa como una m\u00e1quina &quot;Pro&quot;\" \/>\n<meta property=\"og:url\" content=\"https:\/\/reparacionmovil.es\/blog\/como-ser-mas-productivo-con-ipad-pro\/\" \/>\n<meta property=\"og:site_name\" content=\"Reparaci\u00f3n M\u00f3vil\" \/>\n<meta property=\"article:publisher\" content=\"https:\/\/www.facebook.com\/Reparaci%c3%b3n-M%c3%b3vil-299245680784157\" \/>\n<meta property=\"article:published_time\" content=\"2021-04-05T13:23:50+00:00\" \/>\n<meta property=\"og:image\" content=\"https:\/\/reparacionmovil.es\/blog\/wp-content\/uploads\/2021\/04\/ipad-trucos.jpg\" \/>\n\t<meta property=\"og:image:width\" content=\"560\" \/>\n\t<meta property=\"og:image:height\" content=\"416\" \/>\n\t<meta property=\"og:image:type\" content=\"image\/jpeg\" \/>\n<meta name=\"author\" content=\"Vanesa\" \/>\n<meta name=\"twitter:card\" content=\"summary_large_image\" \/>\n<meta name=\"twitter:label1\" content=\"Escrito por\" \/>\n\t<meta name=\"twitter:data1\" content=\"Vanesa\" \/>\n\t<meta name=\"twitter:label2\" content=\"Tiempo de lectura\" \/>\n\t<meta name=\"twitter:data2\" content=\"5 minutos\" \/>\n<script type=\"application\/ld+json\" class=\"yoast-schema-graph\">{\"@context\":\"https:\/\/schema.org\",\"@graph\":[{\"@type\":\"WebPage\",\"@id\":\"https:\/\/reparacionmovil.es\/blog\/como-ser-mas-productivo-con-ipad-pro\/\",\"url\":\"https:\/\/reparacionmovil.es\/blog\/como-ser-mas-productivo-con-ipad-pro\/\",\"name\":\"C\u00f3mo ser m\u00e1s productivo con iPad Pro | consejos ipad pro\",\"isPartOf\":{\"@id\":\"https:\/\/reparacionmovil.es\/blog\/#website\"},\"datePublished\":\"2021-04-05T13:23:50+00:00\",\"dateModified\":\"2021-04-05T13:23:50+00:00\",\"author\":{\"@id\":\"https:\/\/reparacionmovil.es\/blog\/#\/schema\/person\/0025d1c8c6c1e84e15dbb1fa25df795e\"},\"description\":\"C\u00f3mo ser m\u00e1s productivo con iPad Pro, consejos ipad pro. ncluso si el dispositivo se comercializa como una m\u00e1quina \\\"Pro\\\"\",\"breadcrumb\":{\"@id\":\"https:\/\/reparacionmovil.es\/blog\/como-ser-mas-productivo-con-ipad-pro\/#breadcrumb\"},\"inLanguage\":\"es\",\"potentialAction\":[{\"@type\":\"ReadAction\",\"target\":[\"https:\/\/reparacionmovil.es\/blog\/como-ser-mas-productivo-con-ipad-pro\/\"]}]},{\"@type\":\"BreadcrumbList\",\"@id\":\"https:\/\/reparacionmovil.es\/blog\/como-ser-mas-productivo-con-ipad-pro\/#breadcrumb\",\"itemListElement\":[{\"@type\":\"ListItem\",\"position\":1,\"name\":\"Portada\",\"item\":\"https:\/\/reparacionmovil.es\/blog\/\"},{\"@type\":\"ListItem\",\"position\":2,\"name\":\"C\u00f3mo ser m\u00e1s productivo con iPad Pro\"}]},{\"@type\":\"WebSite\",\"@id\":\"https:\/\/reparacionmovil.es\/blog\/#website\",\"url\":\"https:\/\/reparacionmovil.es\/blog\/\",\"name\":\"Reparaci\u00f3n M\u00f3vil\",\"description\":\"Info, Novedades y Consejos para T\u00e9lefono M\u00f3viles\",\"potentialAction\":[{\"@type\":\"SearchAction\",\"target\":{\"@type\":\"EntryPoint\",\"urlTemplate\":\"https:\/\/reparacionmovil.es\/blog\/?s={search_term_string}\"},\"query-input\":\"required name=search_term_string\"}],\"inLanguage\":\"es\"},{\"@type\":\"Person\",\"@id\":\"https:\/\/reparacionmovil.es\/blog\/#\/schema\/person\/0025d1c8c6c1e84e15dbb1fa25df795e\",\"name\":\"Vanesa\",\"image\":{\"@type\":\"ImageObject\",\"inLanguage\":\"es\",\"@id\":\"https:\/\/reparacionmovil.es\/blog\/#\/schema\/person\/image\/\",\"url\":\"https:\/\/secure.gravatar.com\/avatar\/ee265eb0063318c308c04d78d19df9e009f02feea93cd72838a5c405f8577549?s=96&d=mm&r=g\",\"contentUrl\":\"https:\/\/secure.gravatar.com\/avatar\/ee265eb0063318c308c04d78d19df9e009f02feea93cd72838a5c405f8577549?s=96&d=mm&r=g\",\"caption\":\"Vanesa\"},\"sameAs\":[\"http:\/\/reparacionmovil.es\/blog\"]}]}<\/script>\n<!-- \/ Yoast SEO plugin. -->","yoast_head_json":{"title":"C\u00f3mo ser m\u00e1s productivo con iPad Pro | consejos ipad pro","description":"C\u00f3mo ser m\u00e1s productivo con iPad Pro, consejos ipad pro. ncluso si el dispositivo se comercializa como una m\u00e1quina \"Pro\"","robots":{"index":"index","follow":"follow","max-snippet":"max-snippet:-1","max-image-preview":"max-image-preview:large","max-video-preview":"max-video-preview:-1"},"canonical":"https:\/\/reparacionmovil.es\/blog\/como-ser-mas-productivo-con-ipad-pro\/","og_locale":"es_ES","og_type":"article","og_title":"C\u00f3mo ser m\u00e1s productivo con iPad Pro | consejos ipad pro","og_description":"C\u00f3mo ser m\u00e1s productivo con iPad Pro, consejos ipad pro. ncluso si el dispositivo se comercializa como una m\u00e1quina \"Pro\"","og_url":"https:\/\/reparacionmovil.es\/blog\/como-ser-mas-productivo-con-ipad-pro\/","og_site_name":"Reparaci\u00f3n M\u00f3vil","article_publisher":"https:\/\/www.facebook.com\/Reparaci%c3%b3n-M%c3%b3vil-299245680784157","article_published_time":"2021-04-05T13:23:50+00:00","og_image":[{"width":560,"height":416,"url":"https:\/\/reparacionmovil.es\/blog\/wp-content\/uploads\/2021\/04\/ipad-trucos.jpg","type":"image\/jpeg"}],"author":"Vanesa","twitter_card":"summary_large_image","twitter_misc":{"Escrito por":"Vanesa","Tiempo de lectura":"5 minutos"},"schema":{"@context":"https:\/\/schema.org","@graph":[{"@type":"WebPage","@id":"https:\/\/reparacionmovil.es\/blog\/como-ser-mas-productivo-con-ipad-pro\/","url":"https:\/\/reparacionmovil.es\/blog\/como-ser-mas-productivo-con-ipad-pro\/","name":"C\u00f3mo ser m\u00e1s productivo con iPad Pro | consejos ipad pro","isPartOf":{"@id":"https:\/\/reparacionmovil.es\/blog\/#website"},"datePublished":"2021-04-05T13:23:50+00:00","dateModified":"2021-04-05T13:23:50+00:00","author":{"@id":"https:\/\/reparacionmovil.es\/blog\/#\/schema\/person\/0025d1c8c6c1e84e15dbb1fa25df795e"},"description":"C\u00f3mo ser m\u00e1s productivo con iPad Pro, consejos ipad pro. ncluso si el dispositivo se comercializa como una m\u00e1quina \"Pro\"","breadcrumb":{"@id":"https:\/\/reparacionmovil.es\/blog\/como-ser-mas-productivo-con-ipad-pro\/#breadcrumb"},"inLanguage":"es","potentialAction":[{"@type":"ReadAction","target":["https:\/\/reparacionmovil.es\/blog\/como-ser-mas-productivo-con-ipad-pro\/"]}]},{"@type":"BreadcrumbList","@id":"https:\/\/reparacionmovil.es\/blog\/como-ser-mas-productivo-con-ipad-pro\/#breadcrumb","itemListElement":[{"@type":"ListItem","position":1,"name":"Portada","item":"https:\/\/reparacionmovil.es\/blog\/"},{"@type":"ListItem","position":2,"name":"C\u00f3mo ser m\u00e1s productivo con iPad Pro"}]},{"@type":"WebSite","@id":"https:\/\/reparacionmovil.es\/blog\/#website","url":"https:\/\/reparacionmovil.es\/blog\/","name":"Reparaci\u00f3n M\u00f3vil","description":"Info, Novedades y Consejos para T\u00e9lefono M\u00f3viles","potentialAction":[{"@type":"SearchAction","target":{"@type":"EntryPoint","urlTemplate":"https:\/\/reparacionmovil.es\/blog\/?s={search_term_string}"},"query-input":"required name=search_term_string"}],"inLanguage":"es"},{"@type":"Person","@id":"https:\/\/reparacionmovil.es\/blog\/#\/schema\/person\/0025d1c8c6c1e84e15dbb1fa25df795e","name":"Vanesa","image":{"@type":"ImageObject","inLanguage":"es","@id":"https:\/\/reparacionmovil.es\/blog\/#\/schema\/person\/image\/","url":"https:\/\/secure.gravatar.com\/avatar\/ee265eb0063318c308c04d78d19df9e009f02feea93cd72838a5c405f8577549?s=96&d=mm&r=g","contentUrl":"https:\/\/secure.gravatar.com\/avatar\/ee265eb0063318c308c04d78d19df9e009f02feea93cd72838a5c405f8577549?s=96&d=mm&r=g","caption":"Vanesa"},"sameAs":["http:\/\/reparacionmovil.es\/blog"]}]}},"_links":{"self":[{"href":"https:\/\/reparacionmovil.es\/blog\/wp-json\/wp\/v2\/posts\/442","targetHints":{"allow":["GET"]}}],"collection":[{"href":"https:\/\/reparacionmovil.es\/blog\/wp-json\/wp\/v2\/posts"}],"about":[{"href":"https:\/\/reparacionmovil.es\/blog\/wp-json\/wp\/v2\/types\/post"}],"author":[{"embeddable":true,"href":"https:\/\/reparacionmovil.es\/blog\/wp-json\/wp\/v2\/users\/1"}],"replies":[{"embeddable":true,"href":"https:\/\/reparacionmovil.es\/blog\/wp-json\/wp\/v2\/comments?post=442"}],"version-history":[{"count":1,"href":"https:\/\/reparacionmovil.es\/blog\/wp-json\/wp\/v2\/posts\/442\/revisions"}],"predecessor-version":[{"id":444,"href":"https:\/\/reparacionmovil.es\/blog\/wp-json\/wp\/v2\/posts\/442\/revisions\/444"}],"wp:featuredmedia":[{"embeddable":true,"href":"https:\/\/reparacionmovil.es\/blog\/wp-json\/wp\/v2\/media\/443"}],"wp:attachment":[{"href":"https:\/\/reparacionmovil.es\/blog\/wp-json\/wp\/v2\/media?parent=442"}],"wp:term":[{"taxonomy":"category","embeddable":true,"href":"https:\/\/reparacionmovil.es\/blog\/wp-json\/wp\/v2\/categories?post=442"},{"taxonomy":"post_tag","embeddable":true,"href":"https:\/\/reparacionmovil.es\/blog\/wp-json\/wp\/v2\/tags?post=442"}],"curies":[{"name":"wp","href":"https:\/\/api.w.org\/{rel}","templated":true}]}}