{"id":484,"date":"2021-04-12T16:49:18","date_gmt":"2021-04-12T16:49:18","guid":{"rendered":"https:\/\/reparacionmovil.es\/blog\/?p=484"},"modified":"2021-04-12T16:49:25","modified_gmt":"2021-04-12T16:49:25","slug":"elimina-tu-historial-de-audio-de-siri","status":"publish","type":"post","link":"https:\/\/reparacionmovil.es\/blog\/elimina-tu-historial-de-audio-de-siri\/","title":{"rendered":"Elimina tu historial de audio de Siri"},"content":{"rendered":"<p>A principios de este a\u00f1o, Apple recibi\u00f3 algunas cr\u00edticas luego de un informe de The Guardian que detallaba c\u00f3mo Apple contrataba a terceros para escuchar un n\u00famero selecto de grabaciones de Siri. Aunque las grabaciones fueron t\u00e9cnicamente anonimizadas, los contratistas captaron grabaciones de voz que capturaron datos como informaci\u00f3n m\u00e9dica privada, ofertas de medicamentos y parejas en el dormitorio. Esto se not\u00f3 particularmente cuando Siri se activ\u00f3 inadvertidamente por algo en el entorno que son\u00f3 lo suficiente como la palabra de activaci\u00f3n de Siri para que el micr\u00f3fono comenzara a escuchar.<\/p>\n<p>En respuesta a esta revelaci\u00f3n, Apple suspendi\u00f3 el programa y prometi\u00f3 que introducir\u00eda opciones en una pr\u00f3xima actualizaci\u00f3n que permitir\u00eda a los usuarios optar por no compartir sus grabaciones de audio y proteger su privacidad con el lanzamiento de iOS y iPadOS 13.2 y macOS 10.15.1, ahora es posible eliminar su historial de audio de Siri de los servidores de Apple, as\u00ed como optar por no participar en an\u00e1lisis futuros de sus interacciones de Siri.<\/p>\n<p>Cuando instal\u00f3 las actualizaciones, se le deber\u00eda haber presentado un mensaje que le dio la opci\u00f3n de si desea o no ayudar a mejorar Siri y Dictado al compartir sus interacciones con el asistente. Si opta por permitir esto, puede optar por no participar m\u00e1s tarde mediante los siguientes pasos.<\/p>\n<h2>iOS y iPadOS<\/h2>\n<p>Nota: si est\u00e1 utilizando VoiceOver, cada vez que esta gu\u00eda le diga \u00abToque\u00bb, realice un doble toque con un dedo en su lugar.<\/p>\n<p>Para eliminar su historial de audio de Siri desde un dispositivo iOS o iPadOS, vaya a Configuraci\u00f3n&gt; Siri y b\u00fasqueda y toque Siri y historial de dictado. Toque eliminar el historial de Siri y dictado y toque una vez m\u00e1s en la pantalla de confirmaci\u00f3n. Como indica su dispositivo, se enviar\u00e1 una solicitud a Apple para eliminar las grabaciones de audio existentes de sus servidores.<\/p>\n<p>Para optar por no recibir an\u00e1lisis de futuras interacciones de Siri, vaya a Configuraci\u00f3n&gt; Privacidad&gt; An\u00e1lisis y mejoras y, si est\u00e1 activado, active \u00abMejorar Siri y dictado\u00bb, desactivado.<\/p>\n","protected":false},"excerpt":{"rendered":"<p>A principios de este a\u00f1o, Apple recibi\u00f3 algunas cr\u00edticas luego de un informe de The Guardian que detallaba c\u00f3mo Apple contrataba a terceros para escuchar un n\u00famero selecto de grabaciones de Siri. Aunque las grabaciones fueron t\u00e9cnicamente anonimizadas, los contratistas captaron grabaciones de voz que capturaron datos como informaci\u00f3n m\u00e9dica privada, ofertas de medicamentos y [&hellip;]<\/p>\n","protected":false},"author":1,"featured_media":485,"comment_status":"open","ping_status":"open","sticky":false,"template":"","format":"standard","meta":{"footnotes":""},"categories":[2],"tags":[],"class_list":["post-484","post","type-post","status-publish","format-standard","has-post-thumbnail","hentry","category-moviles"],"yoast_head":"<!-- This site is optimized with the Yoast SEO plugin v20.4 - https:\/\/yoast.com\/wordpress\/plugins\/seo\/ -->\n<title>Elimina tu historial de audio de Siri | Blog reparacionmovil.es<\/title>\n<meta name=\"description\" content=\"Elimina tu historial de audio de Siri. A principios de este a\u00f1o, Apple recibi\u00f3 algunas cr\u00edticas luego de un informe de The Guardian...\" \/>\n<meta name=\"robots\" content=\"index, follow, max-snippet:-1, max-image-preview:large, max-video-preview:-1\" \/>\n<link rel=\"canonical\" href=\"https:\/\/reparacionmovil.es\/blog\/elimina-tu-historial-de-audio-de-siri\/\" \/>\n<meta property=\"og:locale\" content=\"es_ES\" \/>\n<meta property=\"og:type\" content=\"article\" \/>\n<meta property=\"og:title\" content=\"Elimina tu historial de audio de Siri | Blog reparacionmovil.es\" \/>\n<meta property=\"og:description\" content=\"Elimina tu historial de audio de Siri. A principios de este a\u00f1o, Apple recibi\u00f3 algunas cr\u00edticas luego de un informe de The Guardian...\" \/>\n<meta property=\"og:url\" content=\"https:\/\/reparacionmovil.es\/blog\/elimina-tu-historial-de-audio-de-siri\/\" \/>\n<meta property=\"og:site_name\" content=\"Reparaci\u00f3n M\u00f3vil\" \/>\n<meta property=\"article:publisher\" content=\"https:\/\/www.facebook.com\/Reparaci%c3%b3n-M%c3%b3vil-299245680784157\" \/>\n<meta property=\"article:published_time\" content=\"2021-04-12T16:49:18+00:00\" \/>\n<meta property=\"article:modified_time\" content=\"2021-04-12T16:49:25+00:00\" \/>\n<meta property=\"og:image\" content=\"https:\/\/reparacionmovil.es\/blog\/wp-content\/uploads\/2021\/04\/siri-ipad-iphone.jpg\" \/>\n\t<meta property=\"og:image:width\" content=\"560\" \/>\n\t<meta property=\"og:image:height\" content=\"416\" \/>\n\t<meta property=\"og:image:type\" content=\"image\/jpeg\" \/>\n<meta name=\"author\" content=\"Vanesa\" \/>\n<meta name=\"twitter:card\" content=\"summary_large_image\" \/>\n<meta name=\"twitter:label1\" content=\"Escrito por\" \/>\n\t<meta name=\"twitter:data1\" content=\"Vanesa\" \/>\n\t<meta name=\"twitter:label2\" content=\"Tiempo de lectura\" \/>\n\t<meta name=\"twitter:data2\" content=\"2 minutos\" \/>\n<script type=\"application\/ld+json\" class=\"yoast-schema-graph\">{\"@context\":\"https:\/\/schema.org\",\"@graph\":[{\"@type\":\"WebPage\",\"@id\":\"https:\/\/reparacionmovil.es\/blog\/elimina-tu-historial-de-audio-de-siri\/\",\"url\":\"https:\/\/reparacionmovil.es\/blog\/elimina-tu-historial-de-audio-de-siri\/\",\"name\":\"Elimina tu historial de audio de Siri | Blog reparacionmovil.es\",\"isPartOf\":{\"@id\":\"https:\/\/reparacionmovil.es\/blog\/#website\"},\"datePublished\":\"2021-04-12T16:49:18+00:00\",\"dateModified\":\"2021-04-12T16:49:25+00:00\",\"author\":{\"@id\":\"https:\/\/reparacionmovil.es\/blog\/#\/schema\/person\/0025d1c8c6c1e84e15dbb1fa25df795e\"},\"description\":\"Elimina tu historial de audio de Siri. A principios de este a\u00f1o, Apple recibi\u00f3 algunas cr\u00edticas luego de un informe de The Guardian...\",\"breadcrumb\":{\"@id\":\"https:\/\/reparacionmovil.es\/blog\/elimina-tu-historial-de-audio-de-siri\/#breadcrumb\"},\"inLanguage\":\"es\",\"potentialAction\":[{\"@type\":\"ReadAction\",\"target\":[\"https:\/\/reparacionmovil.es\/blog\/elimina-tu-historial-de-audio-de-siri\/\"]}]},{\"@type\":\"BreadcrumbList\",\"@id\":\"https:\/\/reparacionmovil.es\/blog\/elimina-tu-historial-de-audio-de-siri\/#breadcrumb\",\"itemListElement\":[{\"@type\":\"ListItem\",\"position\":1,\"name\":\"Portada\",\"item\":\"https:\/\/reparacionmovil.es\/blog\/\"},{\"@type\":\"ListItem\",\"position\":2,\"name\":\"Elimina tu historial de audio de Siri\"}]},{\"@type\":\"WebSite\",\"@id\":\"https:\/\/reparacionmovil.es\/blog\/#website\",\"url\":\"https:\/\/reparacionmovil.es\/blog\/\",\"name\":\"Reparaci\u00f3n M\u00f3vil\",\"description\":\"Info, Novedades y Consejos para T\u00e9lefono M\u00f3viles\",\"potentialAction\":[{\"@type\":\"SearchAction\",\"target\":{\"@type\":\"EntryPoint\",\"urlTemplate\":\"https:\/\/reparacionmovil.es\/blog\/?s={search_term_string}\"},\"query-input\":\"required name=search_term_string\"}],\"inLanguage\":\"es\"},{\"@type\":\"Person\",\"@id\":\"https:\/\/reparacionmovil.es\/blog\/#\/schema\/person\/0025d1c8c6c1e84e15dbb1fa25df795e\",\"name\":\"Vanesa\",\"image\":{\"@type\":\"ImageObject\",\"inLanguage\":\"es\",\"@id\":\"https:\/\/reparacionmovil.es\/blog\/#\/schema\/person\/image\/\",\"url\":\"https:\/\/secure.gravatar.com\/avatar\/ee265eb0063318c308c04d78d19df9e009f02feea93cd72838a5c405f8577549?s=96&d=mm&r=g\",\"contentUrl\":\"https:\/\/secure.gravatar.com\/avatar\/ee265eb0063318c308c04d78d19df9e009f02feea93cd72838a5c405f8577549?s=96&d=mm&r=g\",\"caption\":\"Vanesa\"},\"sameAs\":[\"http:\/\/reparacionmovil.es\/blog\"]}]}<\/script>\n<!-- \/ Yoast SEO plugin. -->","yoast_head_json":{"title":"Elimina tu historial de audio de Siri | Blog reparacionmovil.es","description":"Elimina tu historial de audio de Siri. A principios de este a\u00f1o, Apple recibi\u00f3 algunas cr\u00edticas luego de un informe de The Guardian...","robots":{"index":"index","follow":"follow","max-snippet":"max-snippet:-1","max-image-preview":"max-image-preview:large","max-video-preview":"max-video-preview:-1"},"canonical":"https:\/\/reparacionmovil.es\/blog\/elimina-tu-historial-de-audio-de-siri\/","og_locale":"es_ES","og_type":"article","og_title":"Elimina tu historial de audio de Siri | Blog reparacionmovil.es","og_description":"Elimina tu historial de audio de Siri. A principios de este a\u00f1o, Apple recibi\u00f3 algunas cr\u00edticas luego de un informe de The Guardian...","og_url":"https:\/\/reparacionmovil.es\/blog\/elimina-tu-historial-de-audio-de-siri\/","og_site_name":"Reparaci\u00f3n M\u00f3vil","article_publisher":"https:\/\/www.facebook.com\/Reparaci%c3%b3n-M%c3%b3vil-299245680784157","article_published_time":"2021-04-12T16:49:18+00:00","article_modified_time":"2021-04-12T16:49:25+00:00","og_image":[{"width":560,"height":416,"url":"https:\/\/reparacionmovil.es\/blog\/wp-content\/uploads\/2021\/04\/siri-ipad-iphone.jpg","type":"image\/jpeg"}],"author":"Vanesa","twitter_card":"summary_large_image","twitter_misc":{"Escrito por":"Vanesa","Tiempo de lectura":"2 minutos"},"schema":{"@context":"https:\/\/schema.org","@graph":[{"@type":"WebPage","@id":"https:\/\/reparacionmovil.es\/blog\/elimina-tu-historial-de-audio-de-siri\/","url":"https:\/\/reparacionmovil.es\/blog\/elimina-tu-historial-de-audio-de-siri\/","name":"Elimina tu historial de audio de Siri | Blog reparacionmovil.es","isPartOf":{"@id":"https:\/\/reparacionmovil.es\/blog\/#website"},"datePublished":"2021-04-12T16:49:18+00:00","dateModified":"2021-04-12T16:49:25+00:00","author":{"@id":"https:\/\/reparacionmovil.es\/blog\/#\/schema\/person\/0025d1c8c6c1e84e15dbb1fa25df795e"},"description":"Elimina tu historial de audio de Siri. A principios de este a\u00f1o, Apple recibi\u00f3 algunas cr\u00edticas luego de un informe de The Guardian...","breadcrumb":{"@id":"https:\/\/reparacionmovil.es\/blog\/elimina-tu-historial-de-audio-de-siri\/#breadcrumb"},"inLanguage":"es","potentialAction":[{"@type":"ReadAction","target":["https:\/\/reparacionmovil.es\/blog\/elimina-tu-historial-de-audio-de-siri\/"]}]},{"@type":"BreadcrumbList","@id":"https:\/\/reparacionmovil.es\/blog\/elimina-tu-historial-de-audio-de-siri\/#breadcrumb","itemListElement":[{"@type":"ListItem","position":1,"name":"Portada","item":"https:\/\/reparacionmovil.es\/blog\/"},{"@type":"ListItem","position":2,"name":"Elimina tu historial de audio de Siri"}]},{"@type":"WebSite","@id":"https:\/\/reparacionmovil.es\/blog\/#website","url":"https:\/\/reparacionmovil.es\/blog\/","name":"Reparaci\u00f3n M\u00f3vil","description":"Info, Novedades y Consejos para T\u00e9lefono M\u00f3viles","potentialAction":[{"@type":"SearchAction","target":{"@type":"EntryPoint","urlTemplate":"https:\/\/reparacionmovil.es\/blog\/?s={search_term_string}"},"query-input":"required name=search_term_string"}],"inLanguage":"es"},{"@type":"Person","@id":"https:\/\/reparacionmovil.es\/blog\/#\/schema\/person\/0025d1c8c6c1e84e15dbb1fa25df795e","name":"Vanesa","image":{"@type":"ImageObject","inLanguage":"es","@id":"https:\/\/reparacionmovil.es\/blog\/#\/schema\/person\/image\/","url":"https:\/\/secure.gravatar.com\/avatar\/ee265eb0063318c308c04d78d19df9e009f02feea93cd72838a5c405f8577549?s=96&d=mm&r=g","contentUrl":"https:\/\/secure.gravatar.com\/avatar\/ee265eb0063318c308c04d78d19df9e009f02feea93cd72838a5c405f8577549?s=96&d=mm&r=g","caption":"Vanesa"},"sameAs":["http:\/\/reparacionmovil.es\/blog"]}]}},"_links":{"self":[{"href":"https:\/\/reparacionmovil.es\/blog\/wp-json\/wp\/v2\/posts\/484","targetHints":{"allow":["GET"]}}],"collection":[{"href":"https:\/\/reparacionmovil.es\/blog\/wp-json\/wp\/v2\/posts"}],"about":[{"href":"https:\/\/reparacionmovil.es\/blog\/wp-json\/wp\/v2\/types\/post"}],"author":[{"embeddable":true,"href":"https:\/\/reparacionmovil.es\/blog\/wp-json\/wp\/v2\/users\/1"}],"replies":[{"embeddable":true,"href":"https:\/\/reparacionmovil.es\/blog\/wp-json\/wp\/v2\/comments?post=484"}],"version-history":[{"count":1,"href":"https:\/\/reparacionmovil.es\/blog\/wp-json\/wp\/v2\/posts\/484\/revisions"}],"predecessor-version":[{"id":486,"href":"https:\/\/reparacionmovil.es\/blog\/wp-json\/wp\/v2\/posts\/484\/revisions\/486"}],"wp:featuredmedia":[{"embeddable":true,"href":"https:\/\/reparacionmovil.es\/blog\/wp-json\/wp\/v2\/media\/485"}],"wp:attachment":[{"href":"https:\/\/reparacionmovil.es\/blog\/wp-json\/wp\/v2\/media?parent=484"}],"wp:term":[{"taxonomy":"category","embeddable":true,"href":"https:\/\/reparacionmovil.es\/blog\/wp-json\/wp\/v2\/categories?post=484"},{"taxonomy":"post_tag","embeddable":true,"href":"https:\/\/reparacionmovil.es\/blog\/wp-json\/wp\/v2\/tags?post=484"}],"curies":[{"name":"wp","href":"https:\/\/api.w.org\/{rel}","templated":true}]}}