{"id":500,"date":"2021-04-14T16:08:58","date_gmt":"2021-04-14T16:08:58","guid":{"rendered":"https:\/\/reparacionmovil.es\/blog\/?p=500"},"modified":"2021-04-15T15:52:21","modified_gmt":"2021-04-15T15:52:21","slug":"ipad-pro-o-portatil","status":"publish","type":"post","link":"https:\/\/reparacionmovil.es\/blog\/ipad-pro-o-portatil\/","title":{"rendered":"\u00bfiPad Pro o port\u00e1til?"},"content":{"rendered":"<p>La pregunta m\u00e1s com\u00fan que me hacen las personas es \u00ab\u00bfPuede un iPad Pro reemplazar un port\u00e1til?\u00bb Respuesta corta: en la mayor\u00eda de los casos puede, y no da tanto miedo como crees.<\/p>\n<p>Despu\u00e9s de usar el<br \/>\niPad Pro<br \/>\na veces ahora, quer\u00eda compartir algunas de las razones por las que creo que podr\u00eda reemplazar una computadora y algunas de las razones por las que el iPad Pro no puede reemplazar una computadora, al menos para m\u00ed.<\/p>\n<p>Antes de sumergirnos en \u00e9l, es importante tener en cuenta que para considerar un iPad Pro como reemplazo de una computadora o computadora port\u00e1til, debe obtener el Smart Keyboard Folio de Apple o cualquier otro accesorio de teclado iPad Pro. compre el<br \/>\nFolio con teclado inteligente<br \/>\npara mi iPad Pro de 12,9 pulgadas con Wi-Fi + Cellular.<\/p>\n<h2>El iPad Pro es lo suficientemente poderoso<\/h2>\n<p>No voy a citar a Apple sobre esto, afirmando que el iPad es m\u00e1s poderoso que el 90% de las computadoras port\u00e1tiles en el mercado. No estoy seguro de si es verdad y no creo que importe.<br \/>\nNunca he podido llevar mi iPad Pro de 12,9 pulgadas al l\u00edmite. Tal vez no tenga el flujo de trabajo m\u00e1s intensivo de todos, pero estoy seguro de que uso mi iPad bastante a fondo. Navego por Internet, escribo mucho, administro las redes sociales, edito im\u00e1genes en Lightroom, edito videos 4K en Lumafusion, creo dise\u00f1os en Canva y Photoshop, etc.<br \/>\nClaro, algunas personas lo llevan m\u00e1s lejos, pero la pregunta es, \u00bfnecesitar\u00e1s hacerlo?<\/p>\n<p>Mi iPad puede realizar algunas de estas tareas mejor que mi MacBook Pro 2019. Por ejemplo, la experiencia de edici\u00f3n de video es mucho m\u00e1s fluida en el iPad que en mi MacBook. Adem\u00e1s, no tengo que lidiar con el ruido que har\u00eda el ventilador de mi Mac, lo que me preocupa ya que me da la impresi\u00f3n de que estoy matando lentamente mi port\u00e1til.<\/p>\n<h3>Gesti\u00f3n de archivos en el iPad Pro<\/h3>\n<p>La gesti\u00f3n de archivos y almacenamiento en el iPad Pro es mejor que nunca. Archivos siempre ha sido una versi\u00f3n m\u00e1s ligera de Finder, pero ahora tenemos una interfaz m\u00e1s capaz y se ve mucho mejor de lo que sol\u00eda ser. Mover, copiar y pegar archivos es muy similar a usar Finder en Mac. Todav\u00eda encuentro el proceso un poco m\u00e1s extenso que en una computadora port\u00e1til, pero el iPad es bastante capaz de administrar archivos.<br \/>\nEl soporte del disco duro funciona bastante bien. Nuevamente, administrar archivos no es tan pr\u00e1ctico como en una Mac, pero es suficiente, y con un poco de pr\u00e1ctica, no notar\u00e1 ninguna diferencia.<\/p>\n","protected":false},"excerpt":{"rendered":"<p>La pregunta m\u00e1s com\u00fan que me hacen las personas es \u00ab\u00bfPuede un iPad Pro reemplazar un port\u00e1til?\u00bb Respuesta corta: en la mayor\u00eda de los casos puede, y no da tanto miedo como crees. Despu\u00e9s de usar el iPad Pro a veces ahora, quer\u00eda compartir algunas de las razones por las que creo que podr\u00eda reemplazar [&hellip;]<\/p>\n","protected":false},"author":1,"featured_media":501,"comment_status":"open","ping_status":"open","sticky":false,"template":"","format":"standard","meta":{"footnotes":""},"categories":[3],"tags":[],"class_list":["post-500","post","type-post","status-publish","format-standard","has-post-thumbnail","hentry","category-tablet"],"yoast_head":"<!-- This site is optimized with the Yoast SEO plugin v20.4 - https:\/\/yoast.com\/wordpress\/plugins\/seo\/ -->\n<title>\u00bfiPad Pro o port\u00e1til? | Blog de reparacion ipad<\/title>\n<meta name=\"description\" content=\"\u00bfiPad Pro o port\u00e1til? La pregunta m\u00e1s com\u00fan que me hacen las personas es &quot;\u00bfPuede un iPad Pro reemplazar una computadora port\u00e1til?&quot;\" \/>\n<meta name=\"robots\" content=\"index, follow, max-snippet:-1, max-image-preview:large, max-video-preview:-1\" \/>\n<link rel=\"canonical\" href=\"https:\/\/reparacionmovil.es\/blog\/ipad-pro-o-portatil\/\" \/>\n<meta property=\"og:locale\" content=\"es_ES\" \/>\n<meta property=\"og:type\" content=\"article\" \/>\n<meta property=\"og:title\" content=\"\u00bfiPad Pro o port\u00e1til? | Blog de reparacion ipad\" \/>\n<meta property=\"og:description\" content=\"\u00bfiPad Pro o port\u00e1til? La pregunta m\u00e1s com\u00fan que me hacen las personas es &quot;\u00bfPuede un iPad Pro reemplazar una computadora port\u00e1til?&quot;\" \/>\n<meta property=\"og:url\" content=\"https:\/\/reparacionmovil.es\/blog\/ipad-pro-o-portatil\/\" \/>\n<meta property=\"og:site_name\" content=\"Reparaci\u00f3n M\u00f3vil\" \/>\n<meta property=\"article:publisher\" content=\"https:\/\/www.facebook.com\/Reparaci%c3%b3n-M%c3%b3vil-299245680784157\" \/>\n<meta property=\"article:published_time\" content=\"2021-04-14T16:08:58+00:00\" \/>\n<meta property=\"article:modified_time\" content=\"2021-04-15T15:52:21+00:00\" \/>\n<meta property=\"og:image\" content=\"https:\/\/reparacionmovil.es\/blog\/wp-content\/uploads\/2021\/04\/ipadpro-portatil.jpg\" \/>\n\t<meta property=\"og:image:width\" content=\"560\" \/>\n\t<meta property=\"og:image:height\" content=\"416\" \/>\n\t<meta property=\"og:image:type\" content=\"image\/jpeg\" \/>\n<meta name=\"author\" content=\"Vanesa\" \/>\n<meta name=\"twitter:card\" content=\"summary_large_image\" \/>\n<meta name=\"twitter:label1\" content=\"Escrito por\" \/>\n\t<meta name=\"twitter:data1\" content=\"Vanesa\" \/>\n\t<meta name=\"twitter:label2\" content=\"Tiempo de lectura\" \/>\n\t<meta name=\"twitter:data2\" content=\"2 minutos\" \/>\n<script type=\"application\/ld+json\" class=\"yoast-schema-graph\">{\"@context\":\"https:\/\/schema.org\",\"@graph\":[{\"@type\":\"WebPage\",\"@id\":\"https:\/\/reparacionmovil.es\/blog\/ipad-pro-o-portatil\/\",\"url\":\"https:\/\/reparacionmovil.es\/blog\/ipad-pro-o-portatil\/\",\"name\":\"\u00bfiPad Pro o port\u00e1til? | Blog de reparacion ipad\",\"isPartOf\":{\"@id\":\"https:\/\/reparacionmovil.es\/blog\/#website\"},\"datePublished\":\"2021-04-14T16:08:58+00:00\",\"dateModified\":\"2021-04-15T15:52:21+00:00\",\"author\":{\"@id\":\"https:\/\/reparacionmovil.es\/blog\/#\/schema\/person\/0025d1c8c6c1e84e15dbb1fa25df795e\"},\"description\":\"\u00bfiPad Pro o port\u00e1til? La pregunta m\u00e1s com\u00fan que me hacen las personas es \\\"\u00bfPuede un iPad Pro reemplazar una computadora port\u00e1til?\\\"\",\"breadcrumb\":{\"@id\":\"https:\/\/reparacionmovil.es\/blog\/ipad-pro-o-portatil\/#breadcrumb\"},\"inLanguage\":\"es\",\"potentialAction\":[{\"@type\":\"ReadAction\",\"target\":[\"https:\/\/reparacionmovil.es\/blog\/ipad-pro-o-portatil\/\"]}]},{\"@type\":\"BreadcrumbList\",\"@id\":\"https:\/\/reparacionmovil.es\/blog\/ipad-pro-o-portatil\/#breadcrumb\",\"itemListElement\":[{\"@type\":\"ListItem\",\"position\":1,\"name\":\"Portada\",\"item\":\"https:\/\/reparacionmovil.es\/blog\/\"},{\"@type\":\"ListItem\",\"position\":2,\"name\":\"\u00bfiPad Pro o port\u00e1til?\"}]},{\"@type\":\"WebSite\",\"@id\":\"https:\/\/reparacionmovil.es\/blog\/#website\",\"url\":\"https:\/\/reparacionmovil.es\/blog\/\",\"name\":\"Reparaci\u00f3n M\u00f3vil\",\"description\":\"Info, Novedades y Consejos para T\u00e9lefono M\u00f3viles\",\"potentialAction\":[{\"@type\":\"SearchAction\",\"target\":{\"@type\":\"EntryPoint\",\"urlTemplate\":\"https:\/\/reparacionmovil.es\/blog\/?s={search_term_string}\"},\"query-input\":\"required name=search_term_string\"}],\"inLanguage\":\"es\"},{\"@type\":\"Person\",\"@id\":\"https:\/\/reparacionmovil.es\/blog\/#\/schema\/person\/0025d1c8c6c1e84e15dbb1fa25df795e\",\"name\":\"Vanesa\",\"image\":{\"@type\":\"ImageObject\",\"inLanguage\":\"es\",\"@id\":\"https:\/\/reparacionmovil.es\/blog\/#\/schema\/person\/image\/\",\"url\":\"https:\/\/secure.gravatar.com\/avatar\/ee265eb0063318c308c04d78d19df9e009f02feea93cd72838a5c405f8577549?s=96&d=mm&r=g\",\"contentUrl\":\"https:\/\/secure.gravatar.com\/avatar\/ee265eb0063318c308c04d78d19df9e009f02feea93cd72838a5c405f8577549?s=96&d=mm&r=g\",\"caption\":\"Vanesa\"},\"sameAs\":[\"http:\/\/reparacionmovil.es\/blog\"]}]}<\/script>\n<!-- \/ Yoast SEO plugin. -->","yoast_head_json":{"title":"\u00bfiPad Pro o port\u00e1til? | Blog de reparacion ipad","description":"\u00bfiPad Pro o port\u00e1til? La pregunta m\u00e1s com\u00fan que me hacen las personas es \"\u00bfPuede un iPad Pro reemplazar una computadora port\u00e1til?\"","robots":{"index":"index","follow":"follow","max-snippet":"max-snippet:-1","max-image-preview":"max-image-preview:large","max-video-preview":"max-video-preview:-1"},"canonical":"https:\/\/reparacionmovil.es\/blog\/ipad-pro-o-portatil\/","og_locale":"es_ES","og_type":"article","og_title":"\u00bfiPad Pro o port\u00e1til? | Blog de reparacion ipad","og_description":"\u00bfiPad Pro o port\u00e1til? La pregunta m\u00e1s com\u00fan que me hacen las personas es \"\u00bfPuede un iPad Pro reemplazar una computadora port\u00e1til?\"","og_url":"https:\/\/reparacionmovil.es\/blog\/ipad-pro-o-portatil\/","og_site_name":"Reparaci\u00f3n M\u00f3vil","article_publisher":"https:\/\/www.facebook.com\/Reparaci%c3%b3n-M%c3%b3vil-299245680784157","article_published_time":"2021-04-14T16:08:58+00:00","article_modified_time":"2021-04-15T15:52:21+00:00","og_image":[{"width":560,"height":416,"url":"https:\/\/reparacionmovil.es\/blog\/wp-content\/uploads\/2021\/04\/ipadpro-portatil.jpg","type":"image\/jpeg"}],"author":"Vanesa","twitter_card":"summary_large_image","twitter_misc":{"Escrito por":"Vanesa","Tiempo de lectura":"2 minutos"},"schema":{"@context":"https:\/\/schema.org","@graph":[{"@type":"WebPage","@id":"https:\/\/reparacionmovil.es\/blog\/ipad-pro-o-portatil\/","url":"https:\/\/reparacionmovil.es\/blog\/ipad-pro-o-portatil\/","name":"\u00bfiPad Pro o port\u00e1til? | Blog de reparacion ipad","isPartOf":{"@id":"https:\/\/reparacionmovil.es\/blog\/#website"},"datePublished":"2021-04-14T16:08:58+00:00","dateModified":"2021-04-15T15:52:21+00:00","author":{"@id":"https:\/\/reparacionmovil.es\/blog\/#\/schema\/person\/0025d1c8c6c1e84e15dbb1fa25df795e"},"description":"\u00bfiPad Pro o port\u00e1til? La pregunta m\u00e1s com\u00fan que me hacen las personas es \"\u00bfPuede un iPad Pro reemplazar una computadora port\u00e1til?\"","breadcrumb":{"@id":"https:\/\/reparacionmovil.es\/blog\/ipad-pro-o-portatil\/#breadcrumb"},"inLanguage":"es","potentialAction":[{"@type":"ReadAction","target":["https:\/\/reparacionmovil.es\/blog\/ipad-pro-o-portatil\/"]}]},{"@type":"BreadcrumbList","@id":"https:\/\/reparacionmovil.es\/blog\/ipad-pro-o-portatil\/#breadcrumb","itemListElement":[{"@type":"ListItem","position":1,"name":"Portada","item":"https:\/\/reparacionmovil.es\/blog\/"},{"@type":"ListItem","position":2,"name":"\u00bfiPad Pro o port\u00e1til?"}]},{"@type":"WebSite","@id":"https:\/\/reparacionmovil.es\/blog\/#website","url":"https:\/\/reparacionmovil.es\/blog\/","name":"Reparaci\u00f3n M\u00f3vil","description":"Info, Novedades y Consejos para T\u00e9lefono M\u00f3viles","potentialAction":[{"@type":"SearchAction","target":{"@type":"EntryPoint","urlTemplate":"https:\/\/reparacionmovil.es\/blog\/?s={search_term_string}"},"query-input":"required name=search_term_string"}],"inLanguage":"es"},{"@type":"Person","@id":"https:\/\/reparacionmovil.es\/blog\/#\/schema\/person\/0025d1c8c6c1e84e15dbb1fa25df795e","name":"Vanesa","image":{"@type":"ImageObject","inLanguage":"es","@id":"https:\/\/reparacionmovil.es\/blog\/#\/schema\/person\/image\/","url":"https:\/\/secure.gravatar.com\/avatar\/ee265eb0063318c308c04d78d19df9e009f02feea93cd72838a5c405f8577549?s=96&d=mm&r=g","contentUrl":"https:\/\/secure.gravatar.com\/avatar\/ee265eb0063318c308c04d78d19df9e009f02feea93cd72838a5c405f8577549?s=96&d=mm&r=g","caption":"Vanesa"},"sameAs":["http:\/\/reparacionmovil.es\/blog"]}]}},"_links":{"self":[{"href":"https:\/\/reparacionmovil.es\/blog\/wp-json\/wp\/v2\/posts\/500","targetHints":{"allow":["GET"]}}],"collection":[{"href":"https:\/\/reparacionmovil.es\/blog\/wp-json\/wp\/v2\/posts"}],"about":[{"href":"https:\/\/reparacionmovil.es\/blog\/wp-json\/wp\/v2\/types\/post"}],"author":[{"embeddable":true,"href":"https:\/\/reparacionmovil.es\/blog\/wp-json\/wp\/v2\/users\/1"}],"replies":[{"embeddable":true,"href":"https:\/\/reparacionmovil.es\/blog\/wp-json\/wp\/v2\/comments?post=500"}],"version-history":[{"count":2,"href":"https:\/\/reparacionmovil.es\/blog\/wp-json\/wp\/v2\/posts\/500\/revisions"}],"predecessor-version":[{"id":509,"href":"https:\/\/reparacionmovil.es\/blog\/wp-json\/wp\/v2\/posts\/500\/revisions\/509"}],"wp:featuredmedia":[{"embeddable":true,"href":"https:\/\/reparacionmovil.es\/blog\/wp-json\/wp\/v2\/media\/501"}],"wp:attachment":[{"href":"https:\/\/reparacionmovil.es\/blog\/wp-json\/wp\/v2\/media?parent=500"}],"wp:term":[{"taxonomy":"category","embeddable":true,"href":"https:\/\/reparacionmovil.es\/blog\/wp-json\/wp\/v2\/categories?post=500"},{"taxonomy":"post_tag","embeddable":true,"href":"https:\/\/reparacionmovil.es\/blog\/wp-json\/wp\/v2\/tags?post=500"}],"curies":[{"name":"wp","href":"https:\/\/api.w.org\/{rel}","templated":true}]}}