{"id":604,"date":"2025-04-01T18:23:22","date_gmt":"2025-04-01T18:23:22","guid":{"rendered":"https:\/\/reparacionmovil.es\/blog\/?p=604"},"modified":"2025-04-01T18:23:22","modified_gmt":"2025-04-01T18:23:22","slug":"no-se-carga-iphone-12-pro-max","status":"publish","type":"post","link":"https:\/\/reparacionmovil.es\/blog\/no-se-carga-iphone-12-pro-max\/","title":{"rendered":"No se carga iPhone 12 Pro Max?"},"content":{"rendered":"<h2>Problema: cuando est\u00e1 enchufado, la bater\u00eda del iPhone 12 Pro Max no se carga.<br \/>\nSoluci\u00f3n posible:<\/h2>\n<p>Revisa el puerto de carga en busca de polvo y escombros (un alfiler de seguridad o un clip es bueno para hacer esto). Si su iPhone 12 Pro Max a\u00fan no se carga, verifique su cable de carga: \u00bffunciona con otros dispositivos Apple? \u00bfFuncionan otras cosas en el mismo enchufe de pared? \u00bfFuncionan otros cables USB en el enchufe USB?<\/p>\n<p>Si eso no funciona, intente un reinicio forzado. Si eso no lo soluciona, intente un restablecimiento de f\u00e1brica. Si a\u00fan no puede cargar su iPhone, acercate a nuestra tienda de reparaci\u00f3n m\u00f3vil para<a href=\"https:\/\/reparacionmovil.es\/reparar-iphone-12-pro-max\/cambiar-bateria-iphone-12-pro-max.html\"> cambiar la bater\u00eda de iphone 12 pro max<\/a>.<\/p>\n","protected":false},"excerpt":{"rendered":"<p>Problema: cuando est\u00e1 enchufado, la bater\u00eda del iPhone 12 Pro Max no se carga. Soluci\u00f3n posible: Revisa el puerto de carga en busca de polvo y escombros (un alfiler de seguridad o un clip es bueno para hacer esto). Si su iPhone 12 Pro Max a\u00fan no se carga, verifique su cable de carga: \u00bffunciona [&hellip;]<\/p>\n","protected":false},"author":1,"featured_media":605,"comment_status":"open","ping_status":"open","sticky":false,"template":"","format":"standard","meta":{"footnotes":""},"categories":[2],"tags":[],"class_list":["post-604","post","type-post","status-publish","format-standard","has-post-thumbnail","hentry","category-moviles"],"yoast_head":"<!-- This site is optimized with the Yoast SEO plugin v20.4 - https:\/\/yoast.com\/wordpress\/plugins\/seo\/ -->\n<title>No se carga iPhone 12 Pro Max? | Reparaci\u00f3n M\u00f3vil<\/title>\n<meta name=\"description\" content=\"No se cargaiPhone 12 Pro Max? Si su iPhone 12 Pro Max a\u00fan no se carga, verifique su cable de carga: \u00bffunciona con otros dispositivos Apple?\" \/>\n<meta name=\"robots\" content=\"index, follow, max-snippet:-1, max-image-preview:large, max-video-preview:-1\" \/>\n<link rel=\"canonical\" href=\"https:\/\/reparacionmovil.es\/blog\/no-se-carga-iphone-12-pro-max\/\" \/>\n<meta property=\"og:locale\" content=\"es_ES\" \/>\n<meta property=\"og:type\" content=\"article\" \/>\n<meta property=\"og:title\" content=\"No se carga iPhone 12 Pro Max? | Reparaci\u00f3n M\u00f3vil\" \/>\n<meta property=\"og:description\" content=\"No se cargaiPhone 12 Pro Max? Si su iPhone 12 Pro Max a\u00fan no se carga, verifique su cable de carga: \u00bffunciona con otros dispositivos Apple?\" \/>\n<meta property=\"og:url\" content=\"https:\/\/reparacionmovil.es\/blog\/no-se-carga-iphone-12-pro-max\/\" \/>\n<meta property=\"og:site_name\" content=\"Reparaci\u00f3n M\u00f3vil\" \/>\n<meta property=\"article:publisher\" content=\"https:\/\/www.facebook.com\/Reparaci%c3%b3n-M%c3%b3vil-299245680784157\" \/>\n<meta property=\"article:published_time\" content=\"2025-04-01T18:23:22+00:00\" \/>\n<meta property=\"og:image\" content=\"https:\/\/reparacionmovil.es\/blog\/wp-content\/uploads\/2021\/04\/no-se-carga-iphone.jpg\" \/>\n\t<meta property=\"og:image:width\" content=\"560\" \/>\n\t<meta property=\"og:image:height\" content=\"416\" \/>\n\t<meta property=\"og:image:type\" content=\"image\/jpeg\" \/>\n<meta name=\"author\" content=\"Vanesa\" \/>\n<meta name=\"twitter:card\" content=\"summary_large_image\" \/>\n<meta name=\"twitter:label1\" content=\"Escrito por\" \/>\n\t<meta name=\"twitter:data1\" content=\"Vanesa\" \/>\n\t<meta name=\"twitter:label2\" content=\"Tiempo de lectura\" \/>\n\t<meta name=\"twitter:data2\" content=\"1 minuto\" \/>\n<script type=\"application\/ld+json\" class=\"yoast-schema-graph\">{\"@context\":\"https:\/\/schema.org\",\"@graph\":[{\"@type\":\"WebPage\",\"@id\":\"https:\/\/reparacionmovil.es\/blog\/no-se-carga-iphone-12-pro-max\/\",\"url\":\"https:\/\/reparacionmovil.es\/blog\/no-se-carga-iphone-12-pro-max\/\",\"name\":\"No se carga iPhone 12 Pro Max? | Reparaci\u00f3n M\u00f3vil\",\"isPartOf\":{\"@id\":\"https:\/\/reparacionmovil.es\/blog\/#website\"},\"datePublished\":\"2025-04-01T18:23:22+00:00\",\"dateModified\":\"2025-04-01T18:23:22+00:00\",\"author\":{\"@id\":\"https:\/\/reparacionmovil.es\/blog\/#\/schema\/person\/0025d1c8c6c1e84e15dbb1fa25df795e\"},\"description\":\"No se cargaiPhone 12 Pro Max? Si su iPhone 12 Pro Max a\u00fan no se carga, verifique su cable de carga: \u00bffunciona con otros dispositivos Apple?\",\"breadcrumb\":{\"@id\":\"https:\/\/reparacionmovil.es\/blog\/no-se-carga-iphone-12-pro-max\/#breadcrumb\"},\"inLanguage\":\"es\",\"potentialAction\":[{\"@type\":\"ReadAction\",\"target\":[\"https:\/\/reparacionmovil.es\/blog\/no-se-carga-iphone-12-pro-max\/\"]}]},{\"@type\":\"BreadcrumbList\",\"@id\":\"https:\/\/reparacionmovil.es\/blog\/no-se-carga-iphone-12-pro-max\/#breadcrumb\",\"itemListElement\":[{\"@type\":\"ListItem\",\"position\":1,\"name\":\"Portada\",\"item\":\"https:\/\/reparacionmovil.es\/blog\/\"},{\"@type\":\"ListItem\",\"position\":2,\"name\":\"No se carga iPhone 12 Pro Max?\"}]},{\"@type\":\"WebSite\",\"@id\":\"https:\/\/reparacionmovil.es\/blog\/#website\",\"url\":\"https:\/\/reparacionmovil.es\/blog\/\",\"name\":\"Reparaci\u00f3n M\u00f3vil\",\"description\":\"Info, Novedades y Consejos para T\u00e9lefono M\u00f3viles\",\"potentialAction\":[{\"@type\":\"SearchAction\",\"target\":{\"@type\":\"EntryPoint\",\"urlTemplate\":\"https:\/\/reparacionmovil.es\/blog\/?s={search_term_string}\"},\"query-input\":\"required name=search_term_string\"}],\"inLanguage\":\"es\"},{\"@type\":\"Person\",\"@id\":\"https:\/\/reparacionmovil.es\/blog\/#\/schema\/person\/0025d1c8c6c1e84e15dbb1fa25df795e\",\"name\":\"Vanesa\",\"image\":{\"@type\":\"ImageObject\",\"inLanguage\":\"es\",\"@id\":\"https:\/\/reparacionmovil.es\/blog\/#\/schema\/person\/image\/\",\"url\":\"https:\/\/secure.gravatar.com\/avatar\/ee265eb0063318c308c04d78d19df9e009f02feea93cd72838a5c405f8577549?s=96&d=mm&r=g\",\"contentUrl\":\"https:\/\/secure.gravatar.com\/avatar\/ee265eb0063318c308c04d78d19df9e009f02feea93cd72838a5c405f8577549?s=96&d=mm&r=g\",\"caption\":\"Vanesa\"},\"sameAs\":[\"http:\/\/reparacionmovil.es\/blog\"]}]}<\/script>\n<!-- \/ Yoast SEO plugin. -->","yoast_head_json":{"title":"No se carga iPhone 12 Pro Max? | Reparaci\u00f3n M\u00f3vil","description":"No se cargaiPhone 12 Pro Max? Si su iPhone 12 Pro Max a\u00fan no se carga, verifique su cable de carga: \u00bffunciona con otros dispositivos Apple?","robots":{"index":"index","follow":"follow","max-snippet":"max-snippet:-1","max-image-preview":"max-image-preview:large","max-video-preview":"max-video-preview:-1"},"canonical":"https:\/\/reparacionmovil.es\/blog\/no-se-carga-iphone-12-pro-max\/","og_locale":"es_ES","og_type":"article","og_title":"No se carga iPhone 12 Pro Max? | Reparaci\u00f3n M\u00f3vil","og_description":"No se cargaiPhone 12 Pro Max? Si su iPhone 12 Pro Max a\u00fan no se carga, verifique su cable de carga: \u00bffunciona con otros dispositivos Apple?","og_url":"https:\/\/reparacionmovil.es\/blog\/no-se-carga-iphone-12-pro-max\/","og_site_name":"Reparaci\u00f3n M\u00f3vil","article_publisher":"https:\/\/www.facebook.com\/Reparaci%c3%b3n-M%c3%b3vil-299245680784157","article_published_time":"2025-04-01T18:23:22+00:00","og_image":[{"width":560,"height":416,"url":"https:\/\/reparacionmovil.es\/blog\/wp-content\/uploads\/2021\/04\/no-se-carga-iphone.jpg","type":"image\/jpeg"}],"author":"Vanesa","twitter_card":"summary_large_image","twitter_misc":{"Escrito por":"Vanesa","Tiempo de lectura":"1 minuto"},"schema":{"@context":"https:\/\/schema.org","@graph":[{"@type":"WebPage","@id":"https:\/\/reparacionmovil.es\/blog\/no-se-carga-iphone-12-pro-max\/","url":"https:\/\/reparacionmovil.es\/blog\/no-se-carga-iphone-12-pro-max\/","name":"No se carga iPhone 12 Pro Max? | Reparaci\u00f3n M\u00f3vil","isPartOf":{"@id":"https:\/\/reparacionmovil.es\/blog\/#website"},"datePublished":"2025-04-01T18:23:22+00:00","dateModified":"2025-04-01T18:23:22+00:00","author":{"@id":"https:\/\/reparacionmovil.es\/blog\/#\/schema\/person\/0025d1c8c6c1e84e15dbb1fa25df795e"},"description":"No se cargaiPhone 12 Pro Max? Si su iPhone 12 Pro Max a\u00fan no se carga, verifique su cable de carga: \u00bffunciona con otros dispositivos Apple?","breadcrumb":{"@id":"https:\/\/reparacionmovil.es\/blog\/no-se-carga-iphone-12-pro-max\/#breadcrumb"},"inLanguage":"es","potentialAction":[{"@type":"ReadAction","target":["https:\/\/reparacionmovil.es\/blog\/no-se-carga-iphone-12-pro-max\/"]}]},{"@type":"BreadcrumbList","@id":"https:\/\/reparacionmovil.es\/blog\/no-se-carga-iphone-12-pro-max\/#breadcrumb","itemListElement":[{"@type":"ListItem","position":1,"name":"Portada","item":"https:\/\/reparacionmovil.es\/blog\/"},{"@type":"ListItem","position":2,"name":"No se carga iPhone 12 Pro Max?"}]},{"@type":"WebSite","@id":"https:\/\/reparacionmovil.es\/blog\/#website","url":"https:\/\/reparacionmovil.es\/blog\/","name":"Reparaci\u00f3n M\u00f3vil","description":"Info, Novedades y Consejos para T\u00e9lefono M\u00f3viles","potentialAction":[{"@type":"SearchAction","target":{"@type":"EntryPoint","urlTemplate":"https:\/\/reparacionmovil.es\/blog\/?s={search_term_string}"},"query-input":"required name=search_term_string"}],"inLanguage":"es"},{"@type":"Person","@id":"https:\/\/reparacionmovil.es\/blog\/#\/schema\/person\/0025d1c8c6c1e84e15dbb1fa25df795e","name":"Vanesa","image":{"@type":"ImageObject","inLanguage":"es","@id":"https:\/\/reparacionmovil.es\/blog\/#\/schema\/person\/image\/","url":"https:\/\/secure.gravatar.com\/avatar\/ee265eb0063318c308c04d78d19df9e009f02feea93cd72838a5c405f8577549?s=96&d=mm&r=g","contentUrl":"https:\/\/secure.gravatar.com\/avatar\/ee265eb0063318c308c04d78d19df9e009f02feea93cd72838a5c405f8577549?s=96&d=mm&r=g","caption":"Vanesa"},"sameAs":["http:\/\/reparacionmovil.es\/blog"]}]}},"_links":{"self":[{"href":"https:\/\/reparacionmovil.es\/blog\/wp-json\/wp\/v2\/posts\/604","targetHints":{"allow":["GET"]}}],"collection":[{"href":"https:\/\/reparacionmovil.es\/blog\/wp-json\/wp\/v2\/posts"}],"about":[{"href":"https:\/\/reparacionmovil.es\/blog\/wp-json\/wp\/v2\/types\/post"}],"author":[{"embeddable":true,"href":"https:\/\/reparacionmovil.es\/blog\/wp-json\/wp\/v2\/users\/1"}],"replies":[{"embeddable":true,"href":"https:\/\/reparacionmovil.es\/blog\/wp-json\/wp\/v2\/comments?post=604"}],"version-history":[{"count":1,"href":"https:\/\/reparacionmovil.es\/blog\/wp-json\/wp\/v2\/posts\/604\/revisions"}],"predecessor-version":[{"id":606,"href":"https:\/\/reparacionmovil.es\/blog\/wp-json\/wp\/v2\/posts\/604\/revisions\/606"}],"wp:featuredmedia":[{"embeddable":true,"href":"https:\/\/reparacionmovil.es\/blog\/wp-json\/wp\/v2\/media\/605"}],"wp:attachment":[{"href":"https:\/\/reparacionmovil.es\/blog\/wp-json\/wp\/v2\/media?parent=604"}],"wp:term":[{"taxonomy":"category","embeddable":true,"href":"https:\/\/reparacionmovil.es\/blog\/wp-json\/wp\/v2\/categories?post=604"},{"taxonomy":"post_tag","embeddable":true,"href":"https:\/\/reparacionmovil.es\/blog\/wp-json\/wp\/v2\/tags?post=604"}],"curies":[{"name":"wp","href":"https:\/\/api.w.org\/{rel}","templated":true}]}}