{"id":62,"date":"2021-01-20T16:17:01","date_gmt":"2021-01-20T16:17:01","guid":{"rendered":"https:\/\/reparacionmovil.es\/blog\/?p=62"},"modified":"2021-01-20T16:17:10","modified_gmt":"2021-01-20T16:17:10","slug":"mi-ipad-no-enciende-cual-es-el-problema","status":"publish","type":"post","link":"https:\/\/reparacionmovil.es\/blog\/mi-ipad-no-enciende-cual-es-el-problema\/","title":{"rendered":"Mi ipad no enciende \u00bf c\u00faal es el problema?"},"content":{"rendered":"<h2>tu iPad no se enciende \u00bfcomo soluciono este problema?.<\/h2>\n<p>primero presiona el bot\u00f3n de apagar\/encender de tu iPad (el bot\u00f3n de reposo \/ activaci\u00f3n) \u00bfno sucede nada?, \u00bfno hay el logo de Apple?. \u00bfTu pantalla sigue apagada? en nuestro blog te daremos unos consejos.<\/p>\n<p>Si tu iPad muestra la pantalla en negro y no se enciende cuando presiona el bot\u00f3n, pues debe pensar que su iPad est\u00e1 roto y que ahora debe reemplazarlo o Si necesitas <a href=\"https:\/\/reparacionmovil.es\/reparar-ipad\">tienda de reparar ipad<\/a> acercate a nuestra tienda de reparacion ipad en madrid. Tambien si no se puedes venir, tenemos servicio de recogida y entrega en toda la peninsula. Reparar cualquier producto de apple a precio mas economico y con 6 meses de garatia. reparacionmovil .es la tienda mas recomendada en espa\u00f1a. A todo tipo de ipads como <a href=\"https:\/\/reparacionmovil.es\/reparar-ipad-series\">ipad series<\/a>, <a href=\"https:\/\/reparacionmovil.es\/reparar-ipad-air-series\">ipad air series<\/a>, <a href=\"https:\/\/reparacionmovil.es\/reparar-ipad-pro-series\">ipad pro series<\/a> o <a href=\"https:\/\/reparacionmovil.es\/reparar-ipad-mini-series\">ipad mini series<\/a>.<br \/>\nPero no te preocupes, hay muchos consejos que hacer para reparar su dispositivo. a continuaci\u00f3n, existe una soluci\u00f3n sencilla. Esto es lo que puede hacer si tu iPad no se enciende o la pantalla sigue en negro, lo que significa que no aparece nada en la pantalla (pantalla negra).<\/p>\n<h2>Enciende iDevice de tu ipad.<\/h2>\n<p>Lo primero que debes hacer es asegurarte de que su ipad no est\u00e9 apagado. De acuerdo, probablemente intentaste esto, pero por si acaso. Para hacer esto simplemente mantenga presionado el bot\u00f3n lateral de apagar \/ apagar. Nuevamente y MANTENGA PRESIONADO hasta que veas el logo de Apple.<\/p>\n<h4>Restablece tu ipad.<\/h4>\n<p>Si los pasos anteriores no solucionan su problema, reinicie su iPad. Hay casos en los que el iPad se congela por completo o simplemente deja de responder. A continuaci\u00f3n, realice un reinicio completo manteniendo presionado el bot\u00f3n INICIO Y el bot\u00f3n ENCENDIDO hasta que aparezca el logo de Apple. Recuerda, mantenga presionado ambos botones hasta que aparezca el logo de Apple en la pantalla.<\/p>\n<h5>pon acargar tu ipad.<\/h5>\n<p>Todo lo que tienes que hacer es conectar tu iPad a un cargador durante al menos 1 hora, pero si m\u00e1s tiempo mejor. Aseg\u00farate de no usarlo durante la carga, eso es fundamental.<\/p>\n<p>Adem\u00e1s, algunos lectores informan que han tenido \u00e9xito al cargar sus iPads (u otro iDevice) durante dos d\u00edas completos. Este caso parece especialmente cierto para las personas que actualizaron recientemente su hardware, como reemplazar una pantalla rota u otra actualizaci\u00f3n de hardware. Si no hay resultado es mejor acudir a tienda de reparacion para ipad, ahi te aconsejaran de todos los ipads como ipad series, ipad air series, ipad pro series o ipad mini series. Espero que se haya solucionado su problema.<\/p>\n","protected":false},"excerpt":{"rendered":"<p>tu iPad no se enciende \u00bfcomo soluciono este problema?. primero presiona el bot\u00f3n de apagar\/encender de tu iPad (el bot\u00f3n de reposo \/ activaci\u00f3n) \u00bfno sucede nada?, \u00bfno hay el logo de Apple?. \u00bfTu pantalla sigue apagada? en nuestro blog te daremos unos consejos. Si tu iPad muestra la pantalla en negro y no se [&hellip;]<\/p>\n","protected":false},"author":1,"featured_media":63,"comment_status":"open","ping_status":"open","sticky":false,"template":"","format":"standard","meta":{"footnotes":""},"categories":[3],"tags":[],"class_list":["post-62","post","type-post","status-publish","format-standard","has-post-thumbnail","hentry","category-tablet"],"yoast_head":"<!-- This site is optimized with the Yoast SEO plugin v20.4 - https:\/\/yoast.com\/wordpress\/plugins\/seo\/ -->\n<title>Mi ipad no enciende | Consejos para ipads que no encienden<\/title>\n<meta name=\"description\" content=\"Mi ipad no enciende \u00bf Cu\u00e1l es la causa? visita nuestro blog te aconsejaremos paso a paso como solucionar este problema, con resultados 100%.\" \/>\n<meta name=\"robots\" content=\"index, follow, max-snippet:-1, max-image-preview:large, max-video-preview:-1\" \/>\n<link rel=\"canonical\" href=\"https:\/\/reparacionmovil.es\/blog\/mi-ipad-no-enciende-cual-es-el-problema\/\" \/>\n<meta property=\"og:locale\" content=\"es_ES\" \/>\n<meta property=\"og:type\" content=\"article\" \/>\n<meta property=\"og:title\" content=\"Mi ipad no enciende | Consejos para ipads que no encienden\" \/>\n<meta property=\"og:description\" content=\"Mi ipad no enciende \u00bf Cu\u00e1l es la causa? visita nuestro blog te aconsejaremos paso a paso como solucionar este problema, con resultados 100%.\" \/>\n<meta property=\"og:url\" content=\"https:\/\/reparacionmovil.es\/blog\/mi-ipad-no-enciende-cual-es-el-problema\/\" \/>\n<meta property=\"og:site_name\" content=\"Reparaci\u00f3n M\u00f3vil\" \/>\n<meta property=\"article:publisher\" content=\"https:\/\/www.facebook.com\/Reparaci%c3%b3n-M%c3%b3vil-299245680784157\" \/>\n<meta property=\"article:published_time\" content=\"2021-01-20T16:17:01+00:00\" \/>\n<meta property=\"article:modified_time\" content=\"2021-01-20T16:17:10+00:00\" \/>\n<meta property=\"og:image\" content=\"https:\/\/reparacionmovil.es\/blog\/wp-content\/uploads\/2021\/01\/Mi-ipad-no-enciende.jpg\" \/>\n\t<meta property=\"og:image:width\" content=\"560\" \/>\n\t<meta property=\"og:image:height\" content=\"416\" \/>\n\t<meta property=\"og:image:type\" content=\"image\/jpeg\" \/>\n<meta name=\"author\" content=\"Vanesa\" \/>\n<meta name=\"twitter:card\" content=\"summary_large_image\" \/>\n<meta name=\"twitter:label1\" content=\"Escrito por\" \/>\n\t<meta name=\"twitter:data1\" content=\"Vanesa\" \/>\n\t<meta name=\"twitter:label2\" content=\"Tiempo de lectura\" \/>\n\t<meta name=\"twitter:data2\" content=\"2 minutos\" \/>\n<script type=\"application\/ld+json\" class=\"yoast-schema-graph\">{\"@context\":\"https:\/\/schema.org\",\"@graph\":[{\"@type\":\"WebPage\",\"@id\":\"https:\/\/reparacionmovil.es\/blog\/mi-ipad-no-enciende-cual-es-el-problema\/\",\"url\":\"https:\/\/reparacionmovil.es\/blog\/mi-ipad-no-enciende-cual-es-el-problema\/\",\"name\":\"Mi ipad no enciende | Consejos para ipads que no encienden\",\"isPartOf\":{\"@id\":\"https:\/\/reparacionmovil.es\/blog\/#website\"},\"datePublished\":\"2021-01-20T16:17:01+00:00\",\"dateModified\":\"2021-01-20T16:17:10+00:00\",\"author\":{\"@id\":\"https:\/\/reparacionmovil.es\/blog\/#\/schema\/person\/0025d1c8c6c1e84e15dbb1fa25df795e\"},\"description\":\"Mi ipad no enciende \u00bf Cu\u00e1l es la causa? visita nuestro blog te aconsejaremos paso a paso como solucionar este problema, con resultados 100%.\",\"breadcrumb\":{\"@id\":\"https:\/\/reparacionmovil.es\/blog\/mi-ipad-no-enciende-cual-es-el-problema\/#breadcrumb\"},\"inLanguage\":\"es\",\"potentialAction\":[{\"@type\":\"ReadAction\",\"target\":[\"https:\/\/reparacionmovil.es\/blog\/mi-ipad-no-enciende-cual-es-el-problema\/\"]}]},{\"@type\":\"BreadcrumbList\",\"@id\":\"https:\/\/reparacionmovil.es\/blog\/mi-ipad-no-enciende-cual-es-el-problema\/#breadcrumb\",\"itemListElement\":[{\"@type\":\"ListItem\",\"position\":1,\"name\":\"Portada\",\"item\":\"https:\/\/reparacionmovil.es\/blog\/\"},{\"@type\":\"ListItem\",\"position\":2,\"name\":\"Mi ipad no enciende \u00bf c\u00faal es el problema?\"}]},{\"@type\":\"WebSite\",\"@id\":\"https:\/\/reparacionmovil.es\/blog\/#website\",\"url\":\"https:\/\/reparacionmovil.es\/blog\/\",\"name\":\"Reparaci\u00f3n M\u00f3vil\",\"description\":\"Info, Novedades y Consejos para T\u00e9lefono M\u00f3viles\",\"potentialAction\":[{\"@type\":\"SearchAction\",\"target\":{\"@type\":\"EntryPoint\",\"urlTemplate\":\"https:\/\/reparacionmovil.es\/blog\/?s={search_term_string}\"},\"query-input\":\"required name=search_term_string\"}],\"inLanguage\":\"es\"},{\"@type\":\"Person\",\"@id\":\"https:\/\/reparacionmovil.es\/blog\/#\/schema\/person\/0025d1c8c6c1e84e15dbb1fa25df795e\",\"name\":\"Vanesa\",\"image\":{\"@type\":\"ImageObject\",\"inLanguage\":\"es\",\"@id\":\"https:\/\/reparacionmovil.es\/blog\/#\/schema\/person\/image\/\",\"url\":\"https:\/\/secure.gravatar.com\/avatar\/ee265eb0063318c308c04d78d19df9e009f02feea93cd72838a5c405f8577549?s=96&d=mm&r=g\",\"contentUrl\":\"https:\/\/secure.gravatar.com\/avatar\/ee265eb0063318c308c04d78d19df9e009f02feea93cd72838a5c405f8577549?s=96&d=mm&r=g\",\"caption\":\"Vanesa\"},\"sameAs\":[\"http:\/\/reparacionmovil.es\/blog\"]}]}<\/script>\n<!-- \/ Yoast SEO plugin. -->","yoast_head_json":{"title":"Mi ipad no enciende | Consejos para ipads que no encienden","description":"Mi ipad no enciende \u00bf Cu\u00e1l es la causa? visita nuestro blog te aconsejaremos paso a paso como solucionar este problema, con resultados 100%.","robots":{"index":"index","follow":"follow","max-snippet":"max-snippet:-1","max-image-preview":"max-image-preview:large","max-video-preview":"max-video-preview:-1"},"canonical":"https:\/\/reparacionmovil.es\/blog\/mi-ipad-no-enciende-cual-es-el-problema\/","og_locale":"es_ES","og_type":"article","og_title":"Mi ipad no enciende | Consejos para ipads que no encienden","og_description":"Mi ipad no enciende \u00bf Cu\u00e1l es la causa? visita nuestro blog te aconsejaremos paso a paso como solucionar este problema, con resultados 100%.","og_url":"https:\/\/reparacionmovil.es\/blog\/mi-ipad-no-enciende-cual-es-el-problema\/","og_site_name":"Reparaci\u00f3n M\u00f3vil","article_publisher":"https:\/\/www.facebook.com\/Reparaci%c3%b3n-M%c3%b3vil-299245680784157","article_published_time":"2021-01-20T16:17:01+00:00","article_modified_time":"2021-01-20T16:17:10+00:00","og_image":[{"width":560,"height":416,"url":"https:\/\/reparacionmovil.es\/blog\/wp-content\/uploads\/2021\/01\/Mi-ipad-no-enciende.jpg","type":"image\/jpeg"}],"author":"Vanesa","twitter_card":"summary_large_image","twitter_misc":{"Escrito por":"Vanesa","Tiempo de lectura":"2 minutos"},"schema":{"@context":"https:\/\/schema.org","@graph":[{"@type":"WebPage","@id":"https:\/\/reparacionmovil.es\/blog\/mi-ipad-no-enciende-cual-es-el-problema\/","url":"https:\/\/reparacionmovil.es\/blog\/mi-ipad-no-enciende-cual-es-el-problema\/","name":"Mi ipad no enciende | Consejos para ipads que no encienden","isPartOf":{"@id":"https:\/\/reparacionmovil.es\/blog\/#website"},"datePublished":"2021-01-20T16:17:01+00:00","dateModified":"2021-01-20T16:17:10+00:00","author":{"@id":"https:\/\/reparacionmovil.es\/blog\/#\/schema\/person\/0025d1c8c6c1e84e15dbb1fa25df795e"},"description":"Mi ipad no enciende \u00bf Cu\u00e1l es la causa? visita nuestro blog te aconsejaremos paso a paso como solucionar este problema, con resultados 100%.","breadcrumb":{"@id":"https:\/\/reparacionmovil.es\/blog\/mi-ipad-no-enciende-cual-es-el-problema\/#breadcrumb"},"inLanguage":"es","potentialAction":[{"@type":"ReadAction","target":["https:\/\/reparacionmovil.es\/blog\/mi-ipad-no-enciende-cual-es-el-problema\/"]}]},{"@type":"BreadcrumbList","@id":"https:\/\/reparacionmovil.es\/blog\/mi-ipad-no-enciende-cual-es-el-problema\/#breadcrumb","itemListElement":[{"@type":"ListItem","position":1,"name":"Portada","item":"https:\/\/reparacionmovil.es\/blog\/"},{"@type":"ListItem","position":2,"name":"Mi ipad no enciende \u00bf c\u00faal es el problema?"}]},{"@type":"WebSite","@id":"https:\/\/reparacionmovil.es\/blog\/#website","url":"https:\/\/reparacionmovil.es\/blog\/","name":"Reparaci\u00f3n M\u00f3vil","description":"Info, Novedades y Consejos para T\u00e9lefono M\u00f3viles","potentialAction":[{"@type":"SearchAction","target":{"@type":"EntryPoint","urlTemplate":"https:\/\/reparacionmovil.es\/blog\/?s={search_term_string}"},"query-input":"required name=search_term_string"}],"inLanguage":"es"},{"@type":"Person","@id":"https:\/\/reparacionmovil.es\/blog\/#\/schema\/person\/0025d1c8c6c1e84e15dbb1fa25df795e","name":"Vanesa","image":{"@type":"ImageObject","inLanguage":"es","@id":"https:\/\/reparacionmovil.es\/blog\/#\/schema\/person\/image\/","url":"https:\/\/secure.gravatar.com\/avatar\/ee265eb0063318c308c04d78d19df9e009f02feea93cd72838a5c405f8577549?s=96&d=mm&r=g","contentUrl":"https:\/\/secure.gravatar.com\/avatar\/ee265eb0063318c308c04d78d19df9e009f02feea93cd72838a5c405f8577549?s=96&d=mm&r=g","caption":"Vanesa"},"sameAs":["http:\/\/reparacionmovil.es\/blog"]}]}},"_links":{"self":[{"href":"https:\/\/reparacionmovil.es\/blog\/wp-json\/wp\/v2\/posts\/62","targetHints":{"allow":["GET"]}}],"collection":[{"href":"https:\/\/reparacionmovil.es\/blog\/wp-json\/wp\/v2\/posts"}],"about":[{"href":"https:\/\/reparacionmovil.es\/blog\/wp-json\/wp\/v2\/types\/post"}],"author":[{"embeddable":true,"href":"https:\/\/reparacionmovil.es\/blog\/wp-json\/wp\/v2\/users\/1"}],"replies":[{"embeddable":true,"href":"https:\/\/reparacionmovil.es\/blog\/wp-json\/wp\/v2\/comments?post=62"}],"version-history":[{"count":2,"href":"https:\/\/reparacionmovil.es\/blog\/wp-json\/wp\/v2\/posts\/62\/revisions"}],"predecessor-version":[{"id":65,"href":"https:\/\/reparacionmovil.es\/blog\/wp-json\/wp\/v2\/posts\/62\/revisions\/65"}],"wp:featuredmedia":[{"embeddable":true,"href":"https:\/\/reparacionmovil.es\/blog\/wp-json\/wp\/v2\/media\/63"}],"wp:attachment":[{"href":"https:\/\/reparacionmovil.es\/blog\/wp-json\/wp\/v2\/media?parent=62"}],"wp:term":[{"taxonomy":"category","embeddable":true,"href":"https:\/\/reparacionmovil.es\/blog\/wp-json\/wp\/v2\/categories?post=62"},{"taxonomy":"post_tag","embeddable":true,"href":"https:\/\/reparacionmovil.es\/blog\/wp-json\/wp\/v2\/tags?post=62"}],"curies":[{"name":"wp","href":"https:\/\/api.w.org\/{rel}","templated":true}]}}