{"id":66,"date":"2021-01-20T16:27:19","date_gmt":"2021-01-20T16:27:19","guid":{"rendered":"https:\/\/reparacionmovil.es\/blog\/?p=66"},"modified":"2021-01-20T16:28:11","modified_gmt":"2021-01-20T16:28:11","slug":"mi-ipad-no-carga","status":"publish","type":"post","link":"https:\/\/reparacionmovil.es\/blog\/mi-ipad-no-carga\/","title":{"rendered":"Mi ipad no carga."},"content":{"rendered":"<h2>\u00bfPorque mi ipad no carga?.<\/h2>\n<p>Si tu bater\u00eda de ipad no carga o se carga lentamente, nosotros te damos unos paso a paso. Normalmente pasamos estas situaciones pero es lo peor que uno le puede pasar. Cuando estas en una llamada importante se agota la bateria y no carga es una mala experiencia y muy frustante. Si est\u00e1 intentando cargar de una forma inal\u00e1mbrica, primero aseg\u00farate de que puede cargar con el adaptador USB y el cable que vienen con su dispositivo. Si eso funciona, obtenga ayuda con la carga inal\u00e1mbrica.<\/p>\n<p>Para cargar tu ipad, siga estos pasos:<\/p>\n<p>Conecte su dispositivo al cable USB que viene con \u00e9l.<br \/>\nCon\u00e9ctelo a una de estas tres fuentes de alimentaci\u00f3n:<\/p>\n<h2>Tu carga va lenta o no carga.<\/h2>\n<p>Siga estos pasos y vuelva a intentarlo despu\u00e9s de cada uno:<\/p>\n<p><strong>1-<\/strong>Revise el cable de cargar y el adaptador USB en busca de signos de da\u00f1os, como roturas o puntas dobladas. *Es mejor no usar accesorios da\u00f1ados*.<br \/>\n<strong>2-<\/strong> Utilice un enchufe de pared y verifica que las conexiones entre el cable de la carga y el adaptador de pared USB y el tomacorriente de pared o el cable de alimentaci\u00f3n de CA est\u00e9n firmes, o pruebe con un tomacorriente diferente.<br \/>\n<strong>3-<\/strong>Retire cualquier via de carga en la parte inferior de su ipad, luego conecte firmemente su cable de carga a su dispositivo. Si el puerto de carga est\u00e1 da\u00f1ado, es probable que su dispositivo necesite servicio.<\/p>\n<h4>Si tu ipad dej\u00f3 de cargarse al 80 por ciento.<\/h4>\n<p>Su ipad puede calentarse un poco mientras se carga. Para extender la vida \u00fatil de su bater\u00eda, si la bater\u00eda se calienta demasiado, el software puede limitar la carga por encima del 80 por ciento. Tu ipad se cargar\u00e1 nuevamente cuando baje la temperatura. Intente mover tu ipad y cargador a un lugar m\u00e1s fresco. Si necesitas tienda de reparar ipad acercate a nuestra <a href=\"https:\/\/reparacionmovil.es\/reparar-ipad\">tienda de reparacion ipad<\/a> en madrid. Tambien si no se puedes venir, tenemos servicio de recogida y entrega en toda la peninsula. Reparar cualquier producto de apple a precio mas economico y con 6 meses de garatia. reparacionmovil .es la tienda mas recomendada en espa\u00f1a. A todo tipo de ipads como <a href=\"https:\/\/reparacionmovil.es\/reparar-ipad-series\">ipad series<\/a>, <a href=\"https:\/\/reparacionmovil.es\/reparar-ipad-air-series\">ipad air series<\/a>, <a href=\"https:\/\/reparacionmovil.es\/reparar-ipad-pro-series\">ipad pro series<\/a> o <a href=\"https:\/\/reparacionmovil.es\/reparar-ipad-mini-series\">ipad mini series<\/a>.<\/p>\n<p>&nbsp;<\/p>\n<p>&nbsp;<\/p>\n","protected":false},"excerpt":{"rendered":"<p>\u00bfPorque mi ipad no carga?. Si tu bater\u00eda de ipad no carga o se carga lentamente, nosotros te damos unos paso a paso. Normalmente pasamos estas situaciones pero es lo peor que uno le puede pasar. Cuando estas en una llamada importante se agota la bateria y no carga es una mala experiencia y muy [&hellip;]<\/p>\n","protected":false},"author":1,"featured_media":67,"comment_status":"open","ping_status":"open","sticky":false,"template":"","format":"standard","meta":{"footnotes":""},"categories":[3],"tags":[],"class_list":["post-66","post","type-post","status-publish","format-standard","has-post-thumbnail","hentry","category-tablet"],"yoast_head":"<!-- This site is optimized with the Yoast SEO plugin v20.4 - https:\/\/yoast.com\/wordpress\/plugins\/seo\/ -->\n<title>Mi ipad no carga | consejos para ipads que no cargan<\/title>\n<meta name=\"description\" content=\"Mi ipad no carga \u00bf tendra soluci\u00f3n? nosotros te invitamos a leer nuestros consejos en el blog, el resultados es 100%\" \/>\n<meta name=\"robots\" content=\"index, follow, max-snippet:-1, max-image-preview:large, max-video-preview:-1\" \/>\n<link rel=\"canonical\" href=\"https:\/\/reparacionmovil.es\/blog\/mi-ipad-no-carga\/\" \/>\n<meta property=\"og:locale\" content=\"es_ES\" \/>\n<meta property=\"og:type\" content=\"article\" \/>\n<meta property=\"og:title\" content=\"Mi ipad no carga | consejos para ipads que no cargan\" \/>\n<meta property=\"og:description\" content=\"Mi ipad no carga \u00bf tendra soluci\u00f3n? nosotros te invitamos a leer nuestros consejos en el blog, el resultados es 100%\" \/>\n<meta property=\"og:url\" content=\"https:\/\/reparacionmovil.es\/blog\/mi-ipad-no-carga\/\" \/>\n<meta property=\"og:site_name\" content=\"Reparaci\u00f3n M\u00f3vil\" \/>\n<meta property=\"article:publisher\" content=\"https:\/\/www.facebook.com\/Reparaci%c3%b3n-M%c3%b3vil-299245680784157\" \/>\n<meta property=\"article:published_time\" content=\"2021-01-20T16:27:19+00:00\" \/>\n<meta property=\"article:modified_time\" content=\"2021-01-20T16:28:11+00:00\" \/>\n<meta property=\"og:image\" content=\"https:\/\/reparacionmovil.es\/blog\/wp-content\/uploads\/2021\/01\/mi-ipad-no-carga.jpg\" \/>\n\t<meta property=\"og:image:width\" content=\"560\" \/>\n\t<meta property=\"og:image:height\" content=\"416\" \/>\n\t<meta property=\"og:image:type\" content=\"image\/jpeg\" \/>\n<meta name=\"author\" content=\"Vanesa\" \/>\n<meta name=\"twitter:card\" content=\"summary_large_image\" \/>\n<meta name=\"twitter:label1\" content=\"Escrito por\" \/>\n\t<meta name=\"twitter:data1\" content=\"Vanesa\" \/>\n\t<meta name=\"twitter:label2\" content=\"Tiempo de lectura\" \/>\n\t<meta name=\"twitter:data2\" content=\"2 minutos\" \/>\n<script type=\"application\/ld+json\" class=\"yoast-schema-graph\">{\"@context\":\"https:\/\/schema.org\",\"@graph\":[{\"@type\":\"WebPage\",\"@id\":\"https:\/\/reparacionmovil.es\/blog\/mi-ipad-no-carga\/\",\"url\":\"https:\/\/reparacionmovil.es\/blog\/mi-ipad-no-carga\/\",\"name\":\"Mi ipad no carga | consejos para ipads que no cargan\",\"isPartOf\":{\"@id\":\"https:\/\/reparacionmovil.es\/blog\/#website\"},\"datePublished\":\"2021-01-20T16:27:19+00:00\",\"dateModified\":\"2021-01-20T16:28:11+00:00\",\"author\":{\"@id\":\"https:\/\/reparacionmovil.es\/blog\/#\/schema\/person\/0025d1c8c6c1e84e15dbb1fa25df795e\"},\"description\":\"Mi ipad no carga \u00bf tendra soluci\u00f3n? nosotros te invitamos a leer nuestros consejos en el blog, el resultados es 100%\",\"breadcrumb\":{\"@id\":\"https:\/\/reparacionmovil.es\/blog\/mi-ipad-no-carga\/#breadcrumb\"},\"inLanguage\":\"es\",\"potentialAction\":[{\"@type\":\"ReadAction\",\"target\":[\"https:\/\/reparacionmovil.es\/blog\/mi-ipad-no-carga\/\"]}]},{\"@type\":\"BreadcrumbList\",\"@id\":\"https:\/\/reparacionmovil.es\/blog\/mi-ipad-no-carga\/#breadcrumb\",\"itemListElement\":[{\"@type\":\"ListItem\",\"position\":1,\"name\":\"Portada\",\"item\":\"https:\/\/reparacionmovil.es\/blog\/\"},{\"@type\":\"ListItem\",\"position\":2,\"name\":\"Mi ipad no carga.\"}]},{\"@type\":\"WebSite\",\"@id\":\"https:\/\/reparacionmovil.es\/blog\/#website\",\"url\":\"https:\/\/reparacionmovil.es\/blog\/\",\"name\":\"Reparaci\u00f3n M\u00f3vil\",\"description\":\"Info, Novedades y Consejos para T\u00e9lefono M\u00f3viles\",\"potentialAction\":[{\"@type\":\"SearchAction\",\"target\":{\"@type\":\"EntryPoint\",\"urlTemplate\":\"https:\/\/reparacionmovil.es\/blog\/?s={search_term_string}\"},\"query-input\":\"required name=search_term_string\"}],\"inLanguage\":\"es\"},{\"@type\":\"Person\",\"@id\":\"https:\/\/reparacionmovil.es\/blog\/#\/schema\/person\/0025d1c8c6c1e84e15dbb1fa25df795e\",\"name\":\"Vanesa\",\"image\":{\"@type\":\"ImageObject\",\"inLanguage\":\"es\",\"@id\":\"https:\/\/reparacionmovil.es\/blog\/#\/schema\/person\/image\/\",\"url\":\"https:\/\/secure.gravatar.com\/avatar\/ee265eb0063318c308c04d78d19df9e009f02feea93cd72838a5c405f8577549?s=96&d=mm&r=g\",\"contentUrl\":\"https:\/\/secure.gravatar.com\/avatar\/ee265eb0063318c308c04d78d19df9e009f02feea93cd72838a5c405f8577549?s=96&d=mm&r=g\",\"caption\":\"Vanesa\"},\"sameAs\":[\"http:\/\/reparacionmovil.es\/blog\"]}]}<\/script>\n<!-- \/ Yoast SEO plugin. -->","yoast_head_json":{"title":"Mi ipad no carga | consejos para ipads que no cargan","description":"Mi ipad no carga \u00bf tendra soluci\u00f3n? nosotros te invitamos a leer nuestros consejos en el blog, el resultados es 100%","robots":{"index":"index","follow":"follow","max-snippet":"max-snippet:-1","max-image-preview":"max-image-preview:large","max-video-preview":"max-video-preview:-1"},"canonical":"https:\/\/reparacionmovil.es\/blog\/mi-ipad-no-carga\/","og_locale":"es_ES","og_type":"article","og_title":"Mi ipad no carga | consejos para ipads que no cargan","og_description":"Mi ipad no carga \u00bf tendra soluci\u00f3n? nosotros te invitamos a leer nuestros consejos en el blog, el resultados es 100%","og_url":"https:\/\/reparacionmovil.es\/blog\/mi-ipad-no-carga\/","og_site_name":"Reparaci\u00f3n M\u00f3vil","article_publisher":"https:\/\/www.facebook.com\/Reparaci%c3%b3n-M%c3%b3vil-299245680784157","article_published_time":"2021-01-20T16:27:19+00:00","article_modified_time":"2021-01-20T16:28:11+00:00","og_image":[{"width":560,"height":416,"url":"https:\/\/reparacionmovil.es\/blog\/wp-content\/uploads\/2021\/01\/mi-ipad-no-carga.jpg","type":"image\/jpeg"}],"author":"Vanesa","twitter_card":"summary_large_image","twitter_misc":{"Escrito por":"Vanesa","Tiempo de lectura":"2 minutos"},"schema":{"@context":"https:\/\/schema.org","@graph":[{"@type":"WebPage","@id":"https:\/\/reparacionmovil.es\/blog\/mi-ipad-no-carga\/","url":"https:\/\/reparacionmovil.es\/blog\/mi-ipad-no-carga\/","name":"Mi ipad no carga | consejos para ipads que no cargan","isPartOf":{"@id":"https:\/\/reparacionmovil.es\/blog\/#website"},"datePublished":"2021-01-20T16:27:19+00:00","dateModified":"2021-01-20T16:28:11+00:00","author":{"@id":"https:\/\/reparacionmovil.es\/blog\/#\/schema\/person\/0025d1c8c6c1e84e15dbb1fa25df795e"},"description":"Mi ipad no carga \u00bf tendra soluci\u00f3n? nosotros te invitamos a leer nuestros consejos en el blog, el resultados es 100%","breadcrumb":{"@id":"https:\/\/reparacionmovil.es\/blog\/mi-ipad-no-carga\/#breadcrumb"},"inLanguage":"es","potentialAction":[{"@type":"ReadAction","target":["https:\/\/reparacionmovil.es\/blog\/mi-ipad-no-carga\/"]}]},{"@type":"BreadcrumbList","@id":"https:\/\/reparacionmovil.es\/blog\/mi-ipad-no-carga\/#breadcrumb","itemListElement":[{"@type":"ListItem","position":1,"name":"Portada","item":"https:\/\/reparacionmovil.es\/blog\/"},{"@type":"ListItem","position":2,"name":"Mi ipad no carga."}]},{"@type":"WebSite","@id":"https:\/\/reparacionmovil.es\/blog\/#website","url":"https:\/\/reparacionmovil.es\/blog\/","name":"Reparaci\u00f3n M\u00f3vil","description":"Info, Novedades y Consejos para T\u00e9lefono M\u00f3viles","potentialAction":[{"@type":"SearchAction","target":{"@type":"EntryPoint","urlTemplate":"https:\/\/reparacionmovil.es\/blog\/?s={search_term_string}"},"query-input":"required name=search_term_string"}],"inLanguage":"es"},{"@type":"Person","@id":"https:\/\/reparacionmovil.es\/blog\/#\/schema\/person\/0025d1c8c6c1e84e15dbb1fa25df795e","name":"Vanesa","image":{"@type":"ImageObject","inLanguage":"es","@id":"https:\/\/reparacionmovil.es\/blog\/#\/schema\/person\/image\/","url":"https:\/\/secure.gravatar.com\/avatar\/ee265eb0063318c308c04d78d19df9e009f02feea93cd72838a5c405f8577549?s=96&d=mm&r=g","contentUrl":"https:\/\/secure.gravatar.com\/avatar\/ee265eb0063318c308c04d78d19df9e009f02feea93cd72838a5c405f8577549?s=96&d=mm&r=g","caption":"Vanesa"},"sameAs":["http:\/\/reparacionmovil.es\/blog"]}]}},"_links":{"self":[{"href":"https:\/\/reparacionmovil.es\/blog\/wp-json\/wp\/v2\/posts\/66","targetHints":{"allow":["GET"]}}],"collection":[{"href":"https:\/\/reparacionmovil.es\/blog\/wp-json\/wp\/v2\/posts"}],"about":[{"href":"https:\/\/reparacionmovil.es\/blog\/wp-json\/wp\/v2\/types\/post"}],"author":[{"embeddable":true,"href":"https:\/\/reparacionmovil.es\/blog\/wp-json\/wp\/v2\/users\/1"}],"replies":[{"embeddable":true,"href":"https:\/\/reparacionmovil.es\/blog\/wp-json\/wp\/v2\/comments?post=66"}],"version-history":[{"count":1,"href":"https:\/\/reparacionmovil.es\/blog\/wp-json\/wp\/v2\/posts\/66\/revisions"}],"predecessor-version":[{"id":68,"href":"https:\/\/reparacionmovil.es\/blog\/wp-json\/wp\/v2\/posts\/66\/revisions\/68"}],"wp:featuredmedia":[{"embeddable":true,"href":"https:\/\/reparacionmovil.es\/blog\/wp-json\/wp\/v2\/media\/67"}],"wp:attachment":[{"href":"https:\/\/reparacionmovil.es\/blog\/wp-json\/wp\/v2\/media?parent=66"}],"wp:term":[{"taxonomy":"category","embeddable":true,"href":"https:\/\/reparacionmovil.es\/blog\/wp-json\/wp\/v2\/categories?post=66"},{"taxonomy":"post_tag","embeddable":true,"href":"https:\/\/reparacionmovil.es\/blog\/wp-json\/wp\/v2\/tags?post=66"}],"curies":[{"name":"wp","href":"https:\/\/api.w.org\/{rel}","templated":true}]}}