{"id":673,"date":"2023-06-05T09:49:39","date_gmt":"2023-06-05T09:49:39","guid":{"rendered":"https:\/\/reparacionmovil.es\/blog\/?p=673"},"modified":"2023-06-05T09:49:39","modified_gmt":"2023-06-05T09:49:39","slug":"camara-iphone-12-mini","status":"publish","type":"post","link":"https:\/\/reparacionmovil.es\/blog\/camara-iphone-12-mini\/","title":{"rendered":"c\u00e1mara iphone 12 Mini"},"content":{"rendered":"<p>Apple realmente no ha escatimado en el mini ya que el tel\u00e9fono todav\u00eda tiene las mismas c\u00e1maras que el normal 12. En resumen, eso significa c\u00e1maras duales de 12Mp, una normal y una ultra ancha. Son los modelos Pro los que tienen teleobjetivos.<\/p>\n<p>En gran parte es igual que el iPhone 11 nit, es bastante normal ver peque\u00f1as mejoras en este departamento en estos d\u00edas. A\u00fan as\u00ed, aqu\u00ed hay muchas especificaciones interesantes que incluyen estabilizaci\u00f3n \u00f3ptica de imagen (OIS), apertura de hasta f \/ 1.6, una nueva lente de 7 elementos, Smart HDR 3 y Deep Fusion.<\/p>\n<p>Personalmente, no me preocupa la falta de telefoto aqu\u00ed y preferir\u00eda tener el ultra ancho. Ambas c\u00e1maras funcionan muy bien en una amplia gama de situaciones ofreciendo im\u00e1genes detalladas, vibrantes y realistas.<\/p>\n<p>El hardware combinado con las funciones de software mencionadas anteriormente hacen del tel\u00e9fono un excelente dispositivo de apuntar y disparar. La correcci\u00f3n de la lente en el ultraancho reduce la distorsi\u00f3n de ojo de pez que es com\u00fan para este tipo de lente.<\/p>\n<p>Lo m\u00e1s impresionante es el modo nocturno, que puede capturar una cantidad impresionante de detalles en una oscuridad casi total. Puede usarlo en cualquier c\u00e1mara, pero es mejor que se ci\u00f1a al sensor principal. Sin embargo, tendr\u00e1 que sostener el tel\u00e9fono muy quieto durante la exposici\u00f3n prolongada.<\/p>\n<p>Algunos inconvenientes menores incluyen la forma en que se mejora el Modo Retrato, pero a\u00fan puede tener problemas a veces. Ciertamente, hay algunos ejemplos mejores que vienen a la mente con la gama Pixel gracias al software de Google. Tambi\u00e9n encontr\u00e9 el iPhone 12 mini un poco complicado cuando se trataba de enfocar a un nivel macro, haciendo algunos intentos para hacerlo bien.<\/p>\n<p>Entonces, la calidad, en general, es excelente (incluido el video de hasta 4K a 60 fps), pero la aplicaci\u00f3n de la c\u00e1mara todav\u00eda me molesta un poco. Si bien es f\u00e1cil cambiar entre los modos principales, etc., no hay un men\u00fa de configuraci\u00f3n para cambiar la resoluci\u00f3n de video o incluso activar una cuadr\u00edcula. Todo esto debe hacerse desde el men\u00fa principal de configuraci\u00f3n del tel\u00e9fono y ni siquiera hay un acceso directo a eso desde la aplicaci\u00f3n.<\/p>\n","protected":false},"excerpt":{"rendered":"<p>Apple realmente no ha escatimado en el mini ya que el tel\u00e9fono todav\u00eda tiene las mismas c\u00e1maras que el normal 12. En resumen, eso significa c\u00e1maras duales de 12Mp, una normal y una ultra ancha. Son los modelos Pro los que tienen teleobjetivos. En gran parte es igual que el iPhone 11 nit, es bastante [&hellip;]<\/p>\n","protected":false},"author":1,"featured_media":674,"comment_status":"open","ping_status":"open","sticky":false,"template":"","format":"standard","meta":{"footnotes":""},"categories":[2],"tags":[],"class_list":["post-673","post","type-post","status-publish","format-standard","has-post-thumbnail","hentry","category-moviles"],"yoast_head":"<!-- This site is optimized with the Yoast SEO plugin v20.4 - https:\/\/yoast.com\/wordpress\/plugins\/seo\/ -->\n<title>c\u00e1mara iphone 12 Mini | Reparaci\u00f3n M\u00f3vil<\/title>\n<meta name=\"description\" content=\"c\u00e1mara iphone 12 Mini. Apple realmente no ha escatimado en el mini ya que el tel\u00e9fono todav\u00eda tiene las mismas c\u00e1maras\" \/>\n<meta name=\"robots\" content=\"index, follow, max-snippet:-1, max-image-preview:large, max-video-preview:-1\" \/>\n<link rel=\"canonical\" href=\"https:\/\/reparacionmovil.es\/blog\/camara-iphone-12-mini\/\" \/>\n<meta property=\"og:locale\" content=\"es_ES\" \/>\n<meta property=\"og:type\" content=\"article\" \/>\n<meta property=\"og:title\" content=\"c\u00e1mara iphone 12 Mini | Reparaci\u00f3n M\u00f3vil\" \/>\n<meta property=\"og:description\" content=\"c\u00e1mara iphone 12 Mini. Apple realmente no ha escatimado en el mini ya que el tel\u00e9fono todav\u00eda tiene las mismas c\u00e1maras\" \/>\n<meta property=\"og:url\" content=\"https:\/\/reparacionmovil.es\/blog\/camara-iphone-12-mini\/\" \/>\n<meta property=\"og:site_name\" content=\"Reparaci\u00f3n M\u00f3vil\" \/>\n<meta property=\"article:publisher\" content=\"https:\/\/www.facebook.com\/Reparaci%c3%b3n-M%c3%b3vil-299245680784157\" \/>\n<meta property=\"article:published_time\" content=\"2023-06-05T09:49:39+00:00\" \/>\n<meta property=\"og:image\" content=\"https:\/\/reparacionmovil.es\/blog\/wp-content\/uploads\/2021\/05\/camara-iphone-12-Mini.jpg\" \/>\n\t<meta property=\"og:image:width\" content=\"560\" \/>\n\t<meta property=\"og:image:height\" content=\"416\" \/>\n\t<meta property=\"og:image:type\" content=\"image\/jpeg\" \/>\n<meta name=\"author\" content=\"Vanesa\" \/>\n<meta name=\"twitter:card\" content=\"summary_large_image\" \/>\n<meta name=\"twitter:label1\" content=\"Escrito por\" \/>\n\t<meta name=\"twitter:data1\" content=\"Vanesa\" \/>\n\t<meta name=\"twitter:label2\" content=\"Tiempo de lectura\" \/>\n\t<meta name=\"twitter:data2\" content=\"2 minutos\" \/>\n<script type=\"application\/ld+json\" class=\"yoast-schema-graph\">{\"@context\":\"https:\/\/schema.org\",\"@graph\":[{\"@type\":\"WebPage\",\"@id\":\"https:\/\/reparacionmovil.es\/blog\/camara-iphone-12-mini\/\",\"url\":\"https:\/\/reparacionmovil.es\/blog\/camara-iphone-12-mini\/\",\"name\":\"c\u00e1mara iphone 12 Mini | Reparaci\u00f3n M\u00f3vil\",\"isPartOf\":{\"@id\":\"https:\/\/reparacionmovil.es\/blog\/#website\"},\"datePublished\":\"2023-06-05T09:49:39+00:00\",\"dateModified\":\"2023-06-05T09:49:39+00:00\",\"author\":{\"@id\":\"https:\/\/reparacionmovil.es\/blog\/#\/schema\/person\/0025d1c8c6c1e84e15dbb1fa25df795e\"},\"description\":\"c\u00e1mara iphone 12 Mini. Apple realmente no ha escatimado en el mini ya que el tel\u00e9fono todav\u00eda tiene las mismas c\u00e1maras\",\"breadcrumb\":{\"@id\":\"https:\/\/reparacionmovil.es\/blog\/camara-iphone-12-mini\/#breadcrumb\"},\"inLanguage\":\"es\",\"potentialAction\":[{\"@type\":\"ReadAction\",\"target\":[\"https:\/\/reparacionmovil.es\/blog\/camara-iphone-12-mini\/\"]}]},{\"@type\":\"BreadcrumbList\",\"@id\":\"https:\/\/reparacionmovil.es\/blog\/camara-iphone-12-mini\/#breadcrumb\",\"itemListElement\":[{\"@type\":\"ListItem\",\"position\":1,\"name\":\"Portada\",\"item\":\"https:\/\/reparacionmovil.es\/blog\/\"},{\"@type\":\"ListItem\",\"position\":2,\"name\":\"c\u00e1mara iphone 12 Mini\"}]},{\"@type\":\"WebSite\",\"@id\":\"https:\/\/reparacionmovil.es\/blog\/#website\",\"url\":\"https:\/\/reparacionmovil.es\/blog\/\",\"name\":\"Reparaci\u00f3n M\u00f3vil\",\"description\":\"Info, Novedades y Consejos para T\u00e9lefono M\u00f3viles\",\"potentialAction\":[{\"@type\":\"SearchAction\",\"target\":{\"@type\":\"EntryPoint\",\"urlTemplate\":\"https:\/\/reparacionmovil.es\/blog\/?s={search_term_string}\"},\"query-input\":\"required name=search_term_string\"}],\"inLanguage\":\"es\"},{\"@type\":\"Person\",\"@id\":\"https:\/\/reparacionmovil.es\/blog\/#\/schema\/person\/0025d1c8c6c1e84e15dbb1fa25df795e\",\"name\":\"Vanesa\",\"image\":{\"@type\":\"ImageObject\",\"inLanguage\":\"es\",\"@id\":\"https:\/\/reparacionmovil.es\/blog\/#\/schema\/person\/image\/\",\"url\":\"https:\/\/secure.gravatar.com\/avatar\/ee265eb0063318c308c04d78d19df9e009f02feea93cd72838a5c405f8577549?s=96&d=mm&r=g\",\"contentUrl\":\"https:\/\/secure.gravatar.com\/avatar\/ee265eb0063318c308c04d78d19df9e009f02feea93cd72838a5c405f8577549?s=96&d=mm&r=g\",\"caption\":\"Vanesa\"},\"sameAs\":[\"http:\/\/reparacionmovil.es\/blog\"]}]}<\/script>\n<!-- \/ Yoast SEO plugin. -->","yoast_head_json":{"title":"c\u00e1mara iphone 12 Mini | Reparaci\u00f3n M\u00f3vil","description":"c\u00e1mara iphone 12 Mini. Apple realmente no ha escatimado en el mini ya que el tel\u00e9fono todav\u00eda tiene las mismas c\u00e1maras","robots":{"index":"index","follow":"follow","max-snippet":"max-snippet:-1","max-image-preview":"max-image-preview:large","max-video-preview":"max-video-preview:-1"},"canonical":"https:\/\/reparacionmovil.es\/blog\/camara-iphone-12-mini\/","og_locale":"es_ES","og_type":"article","og_title":"c\u00e1mara iphone 12 Mini | Reparaci\u00f3n M\u00f3vil","og_description":"c\u00e1mara iphone 12 Mini. Apple realmente no ha escatimado en el mini ya que el tel\u00e9fono todav\u00eda tiene las mismas c\u00e1maras","og_url":"https:\/\/reparacionmovil.es\/blog\/camara-iphone-12-mini\/","og_site_name":"Reparaci\u00f3n M\u00f3vil","article_publisher":"https:\/\/www.facebook.com\/Reparaci%c3%b3n-M%c3%b3vil-299245680784157","article_published_time":"2023-06-05T09:49:39+00:00","og_image":[{"width":560,"height":416,"url":"https:\/\/reparacionmovil.es\/blog\/wp-content\/uploads\/2021\/05\/camara-iphone-12-Mini.jpg","type":"image\/jpeg"}],"author":"Vanesa","twitter_card":"summary_large_image","twitter_misc":{"Escrito por":"Vanesa","Tiempo de lectura":"2 minutos"},"schema":{"@context":"https:\/\/schema.org","@graph":[{"@type":"WebPage","@id":"https:\/\/reparacionmovil.es\/blog\/camara-iphone-12-mini\/","url":"https:\/\/reparacionmovil.es\/blog\/camara-iphone-12-mini\/","name":"c\u00e1mara iphone 12 Mini | Reparaci\u00f3n M\u00f3vil","isPartOf":{"@id":"https:\/\/reparacionmovil.es\/blog\/#website"},"datePublished":"2023-06-05T09:49:39+00:00","dateModified":"2023-06-05T09:49:39+00:00","author":{"@id":"https:\/\/reparacionmovil.es\/blog\/#\/schema\/person\/0025d1c8c6c1e84e15dbb1fa25df795e"},"description":"c\u00e1mara iphone 12 Mini. Apple realmente no ha escatimado en el mini ya que el tel\u00e9fono todav\u00eda tiene las mismas c\u00e1maras","breadcrumb":{"@id":"https:\/\/reparacionmovil.es\/blog\/camara-iphone-12-mini\/#breadcrumb"},"inLanguage":"es","potentialAction":[{"@type":"ReadAction","target":["https:\/\/reparacionmovil.es\/blog\/camara-iphone-12-mini\/"]}]},{"@type":"BreadcrumbList","@id":"https:\/\/reparacionmovil.es\/blog\/camara-iphone-12-mini\/#breadcrumb","itemListElement":[{"@type":"ListItem","position":1,"name":"Portada","item":"https:\/\/reparacionmovil.es\/blog\/"},{"@type":"ListItem","position":2,"name":"c\u00e1mara iphone 12 Mini"}]},{"@type":"WebSite","@id":"https:\/\/reparacionmovil.es\/blog\/#website","url":"https:\/\/reparacionmovil.es\/blog\/","name":"Reparaci\u00f3n M\u00f3vil","description":"Info, Novedades y Consejos para T\u00e9lefono M\u00f3viles","potentialAction":[{"@type":"SearchAction","target":{"@type":"EntryPoint","urlTemplate":"https:\/\/reparacionmovil.es\/blog\/?s={search_term_string}"},"query-input":"required name=search_term_string"}],"inLanguage":"es"},{"@type":"Person","@id":"https:\/\/reparacionmovil.es\/blog\/#\/schema\/person\/0025d1c8c6c1e84e15dbb1fa25df795e","name":"Vanesa","image":{"@type":"ImageObject","inLanguage":"es","@id":"https:\/\/reparacionmovil.es\/blog\/#\/schema\/person\/image\/","url":"https:\/\/secure.gravatar.com\/avatar\/ee265eb0063318c308c04d78d19df9e009f02feea93cd72838a5c405f8577549?s=96&d=mm&r=g","contentUrl":"https:\/\/secure.gravatar.com\/avatar\/ee265eb0063318c308c04d78d19df9e009f02feea93cd72838a5c405f8577549?s=96&d=mm&r=g","caption":"Vanesa"},"sameAs":["http:\/\/reparacionmovil.es\/blog"]}]}},"_links":{"self":[{"href":"https:\/\/reparacionmovil.es\/blog\/wp-json\/wp\/v2\/posts\/673","targetHints":{"allow":["GET"]}}],"collection":[{"href":"https:\/\/reparacionmovil.es\/blog\/wp-json\/wp\/v2\/posts"}],"about":[{"href":"https:\/\/reparacionmovil.es\/blog\/wp-json\/wp\/v2\/types\/post"}],"author":[{"embeddable":true,"href":"https:\/\/reparacionmovil.es\/blog\/wp-json\/wp\/v2\/users\/1"}],"replies":[{"embeddable":true,"href":"https:\/\/reparacionmovil.es\/blog\/wp-json\/wp\/v2\/comments?post=673"}],"version-history":[{"count":1,"href":"https:\/\/reparacionmovil.es\/blog\/wp-json\/wp\/v2\/posts\/673\/revisions"}],"predecessor-version":[{"id":675,"href":"https:\/\/reparacionmovil.es\/blog\/wp-json\/wp\/v2\/posts\/673\/revisions\/675"}],"wp:featuredmedia":[{"embeddable":true,"href":"https:\/\/reparacionmovil.es\/blog\/wp-json\/wp\/v2\/media\/674"}],"wp:attachment":[{"href":"https:\/\/reparacionmovil.es\/blog\/wp-json\/wp\/v2\/media?parent=673"}],"wp:term":[{"taxonomy":"category","embeddable":true,"href":"https:\/\/reparacionmovil.es\/blog\/wp-json\/wp\/v2\/categories?post=673"},{"taxonomy":"post_tag","embeddable":true,"href":"https:\/\/reparacionmovil.es\/blog\/wp-json\/wp\/v2\/tags?post=673"}],"curies":[{"name":"wp","href":"https:\/\/api.w.org\/{rel}","templated":true}]}}