{"id":682,"date":"2025-04-01T18:23:22","date_gmt":"2025-04-01T18:23:22","guid":{"rendered":"https:\/\/reparacionmovil.es\/blog\/?p=682"},"modified":"2025-04-01T18:23:22","modified_gmt":"2025-04-01T18:23:22","slug":"fecha-de-lanzamiento-del-iphone-13","status":"publish","type":"post","link":"https:\/\/reparacionmovil.es\/blog\/fecha-de-lanzamiento-del-iphone-13\/","title":{"rendered":"Fecha de lanzamiento del iPhone 13"},"content":{"rendered":"<p>Sin embargo, en los \u00faltimos a\u00f1os, ha habido algunos dispositivos que se anunciaron en septiembre pero aparecieron un poco m\u00e1s tarde, con el iPhone XR en octubre de 2018, mientras que el iPhone X lleg\u00f3 en noviembre de 2017.<\/p>\n<p>Debido a los problemas causados por COVID-19, tambi\u00e9n vimos que el iPhone 12 se retras\u00f3 hasta octubre, pero si las cosas vuelven a algo parecido a la normalidad, entonces esperar\u00edamos el lanzamiento tradicional de septiembre para el iPhone 13 en 2021.<\/p>\n<p>Eso est\u00e1 respaldado por una predicci\u00f3n del siempre preciso Ming-Chi Kuo, quien dijo a los inversores que Apple debe volver al lanzamiento tradicional de septiembre con el iPhone 13 en 2021.<\/p>\n<p>Por supuesto, el iPhone SE (2020) rompe estas reglas al aparecer en primavera cada vez que Apple decide actualizar la gama. Por esta raz\u00f3n, la gama SE siempre debe contarse como un valor at\u00edpico en lugar de una gu\u00eda para las posibles fechas de lanzamiento de los modelos insignia.<\/p>\n<p>&nbsp;<\/p>\n","protected":false},"excerpt":{"rendered":"<p>Sin embargo, en los \u00faltimos a\u00f1os, ha habido algunos dispositivos que se anunciaron en septiembre pero aparecieron un poco m\u00e1s tarde, con el iPhone XR en octubre de 2018, mientras que el iPhone X lleg\u00f3 en noviembre de 2017. Debido a los problemas causados por COVID-19, tambi\u00e9n vimos que el iPhone 12 se retras\u00f3 hasta [&hellip;]<\/p>\n","protected":false},"author":1,"featured_media":683,"comment_status":"open","ping_status":"open","sticky":false,"template":"","format":"standard","meta":{"footnotes":""},"categories":[2],"tags":[],"class_list":["post-682","post","type-post","status-publish","format-standard","has-post-thumbnail","hentry","category-moviles"],"yoast_head":"<!-- This site is optimized with the Yoast SEO plugin v20.4 - https:\/\/yoast.com\/wordpress\/plugins\/seo\/ -->\n<title>Fecha de lanzamiento del iPhone 13 | Reparaci\u00f3n M\u00f3vil<\/title>\n<meta name=\"description\" content=\"Fecha de lanzamiento del iPhone 13. Sin embargo, en los \u00faltimos a\u00f1os, ha habido algunos dispositivos que se anunciaron en septiembre\" \/>\n<meta name=\"robots\" content=\"index, follow, max-snippet:-1, max-image-preview:large, max-video-preview:-1\" \/>\n<link rel=\"canonical\" href=\"https:\/\/reparacionmovil.es\/blog\/fecha-de-lanzamiento-del-iphone-13\/\" \/>\n<meta property=\"og:locale\" content=\"es_ES\" \/>\n<meta property=\"og:type\" content=\"article\" \/>\n<meta property=\"og:title\" content=\"Fecha de lanzamiento del iPhone 13 | Reparaci\u00f3n M\u00f3vil\" \/>\n<meta property=\"og:description\" content=\"Fecha de lanzamiento del iPhone 13. Sin embargo, en los \u00faltimos a\u00f1os, ha habido algunos dispositivos que se anunciaron en septiembre\" \/>\n<meta property=\"og:url\" content=\"https:\/\/reparacionmovil.es\/blog\/fecha-de-lanzamiento-del-iphone-13\/\" \/>\n<meta property=\"og:site_name\" content=\"Reparaci\u00f3n M\u00f3vil\" \/>\n<meta property=\"article:publisher\" content=\"https:\/\/www.facebook.com\/Reparaci%c3%b3n-M%c3%b3vil-299245680784157\" \/>\n<meta property=\"article:published_time\" content=\"2025-04-01T18:23:22+00:00\" \/>\n<meta property=\"og:image\" content=\"https:\/\/reparacionmovil.es\/blog\/wp-content\/uploads\/2021\/05\/13-iphone.jpg\" \/>\n\t<meta property=\"og:image:width\" content=\"560\" \/>\n\t<meta property=\"og:image:height\" content=\"416\" \/>\n\t<meta property=\"og:image:type\" content=\"image\/jpeg\" \/>\n<meta name=\"author\" content=\"Vanesa\" \/>\n<meta name=\"twitter:card\" content=\"summary_large_image\" \/>\n<meta name=\"twitter:label1\" content=\"Escrito por\" \/>\n\t<meta name=\"twitter:data1\" content=\"Vanesa\" \/>\n\t<meta name=\"twitter:label2\" content=\"Tiempo de lectura\" \/>\n\t<meta name=\"twitter:data2\" content=\"1 minuto\" \/>\n<script type=\"application\/ld+json\" class=\"yoast-schema-graph\">{\"@context\":\"https:\/\/schema.org\",\"@graph\":[{\"@type\":\"WebPage\",\"@id\":\"https:\/\/reparacionmovil.es\/blog\/fecha-de-lanzamiento-del-iphone-13\/\",\"url\":\"https:\/\/reparacionmovil.es\/blog\/fecha-de-lanzamiento-del-iphone-13\/\",\"name\":\"Fecha de lanzamiento del iPhone 13 | Reparaci\u00f3n M\u00f3vil\",\"isPartOf\":{\"@id\":\"https:\/\/reparacionmovil.es\/blog\/#website\"},\"datePublished\":\"2025-04-01T18:23:22+00:00\",\"dateModified\":\"2025-04-01T18:23:22+00:00\",\"author\":{\"@id\":\"https:\/\/reparacionmovil.es\/blog\/#\/schema\/person\/0025d1c8c6c1e84e15dbb1fa25df795e\"},\"description\":\"Fecha de lanzamiento del iPhone 13. Sin embargo, en los \u00faltimos a\u00f1os, ha habido algunos dispositivos que se anunciaron en septiembre\",\"breadcrumb\":{\"@id\":\"https:\/\/reparacionmovil.es\/blog\/fecha-de-lanzamiento-del-iphone-13\/#breadcrumb\"},\"inLanguage\":\"es\",\"potentialAction\":[{\"@type\":\"ReadAction\",\"target\":[\"https:\/\/reparacionmovil.es\/blog\/fecha-de-lanzamiento-del-iphone-13\/\"]}]},{\"@type\":\"BreadcrumbList\",\"@id\":\"https:\/\/reparacionmovil.es\/blog\/fecha-de-lanzamiento-del-iphone-13\/#breadcrumb\",\"itemListElement\":[{\"@type\":\"ListItem\",\"position\":1,\"name\":\"Portada\",\"item\":\"https:\/\/reparacionmovil.es\/blog\/\"},{\"@type\":\"ListItem\",\"position\":2,\"name\":\"Fecha de lanzamiento del iPhone 13\"}]},{\"@type\":\"WebSite\",\"@id\":\"https:\/\/reparacionmovil.es\/blog\/#website\",\"url\":\"https:\/\/reparacionmovil.es\/blog\/\",\"name\":\"Reparaci\u00f3n M\u00f3vil\",\"description\":\"Info, Novedades y Consejos para T\u00e9lefono M\u00f3viles\",\"potentialAction\":[{\"@type\":\"SearchAction\",\"target\":{\"@type\":\"EntryPoint\",\"urlTemplate\":\"https:\/\/reparacionmovil.es\/blog\/?s={search_term_string}\"},\"query-input\":\"required name=search_term_string\"}],\"inLanguage\":\"es\"},{\"@type\":\"Person\",\"@id\":\"https:\/\/reparacionmovil.es\/blog\/#\/schema\/person\/0025d1c8c6c1e84e15dbb1fa25df795e\",\"name\":\"Vanesa\",\"image\":{\"@type\":\"ImageObject\",\"inLanguage\":\"es\",\"@id\":\"https:\/\/reparacionmovil.es\/blog\/#\/schema\/person\/image\/\",\"url\":\"https:\/\/secure.gravatar.com\/avatar\/ee265eb0063318c308c04d78d19df9e009f02feea93cd72838a5c405f8577549?s=96&d=mm&r=g\",\"contentUrl\":\"https:\/\/secure.gravatar.com\/avatar\/ee265eb0063318c308c04d78d19df9e009f02feea93cd72838a5c405f8577549?s=96&d=mm&r=g\",\"caption\":\"Vanesa\"},\"sameAs\":[\"http:\/\/reparacionmovil.es\/blog\"]}]}<\/script>\n<!-- \/ Yoast SEO plugin. -->","yoast_head_json":{"title":"Fecha de lanzamiento del iPhone 13 | Reparaci\u00f3n M\u00f3vil","description":"Fecha de lanzamiento del iPhone 13. Sin embargo, en los \u00faltimos a\u00f1os, ha habido algunos dispositivos que se anunciaron en septiembre","robots":{"index":"index","follow":"follow","max-snippet":"max-snippet:-1","max-image-preview":"max-image-preview:large","max-video-preview":"max-video-preview:-1"},"canonical":"https:\/\/reparacionmovil.es\/blog\/fecha-de-lanzamiento-del-iphone-13\/","og_locale":"es_ES","og_type":"article","og_title":"Fecha de lanzamiento del iPhone 13 | Reparaci\u00f3n M\u00f3vil","og_description":"Fecha de lanzamiento del iPhone 13. Sin embargo, en los \u00faltimos a\u00f1os, ha habido algunos dispositivos que se anunciaron en septiembre","og_url":"https:\/\/reparacionmovil.es\/blog\/fecha-de-lanzamiento-del-iphone-13\/","og_site_name":"Reparaci\u00f3n M\u00f3vil","article_publisher":"https:\/\/www.facebook.com\/Reparaci%c3%b3n-M%c3%b3vil-299245680784157","article_published_time":"2025-04-01T18:23:22+00:00","og_image":[{"width":560,"height":416,"url":"https:\/\/reparacionmovil.es\/blog\/wp-content\/uploads\/2021\/05\/13-iphone.jpg","type":"image\/jpeg"}],"author":"Vanesa","twitter_card":"summary_large_image","twitter_misc":{"Escrito por":"Vanesa","Tiempo de lectura":"1 minuto"},"schema":{"@context":"https:\/\/schema.org","@graph":[{"@type":"WebPage","@id":"https:\/\/reparacionmovil.es\/blog\/fecha-de-lanzamiento-del-iphone-13\/","url":"https:\/\/reparacionmovil.es\/blog\/fecha-de-lanzamiento-del-iphone-13\/","name":"Fecha de lanzamiento del iPhone 13 | Reparaci\u00f3n M\u00f3vil","isPartOf":{"@id":"https:\/\/reparacionmovil.es\/blog\/#website"},"datePublished":"2025-04-01T18:23:22+00:00","dateModified":"2025-04-01T18:23:22+00:00","author":{"@id":"https:\/\/reparacionmovil.es\/blog\/#\/schema\/person\/0025d1c8c6c1e84e15dbb1fa25df795e"},"description":"Fecha de lanzamiento del iPhone 13. Sin embargo, en los \u00faltimos a\u00f1os, ha habido algunos dispositivos que se anunciaron en septiembre","breadcrumb":{"@id":"https:\/\/reparacionmovil.es\/blog\/fecha-de-lanzamiento-del-iphone-13\/#breadcrumb"},"inLanguage":"es","potentialAction":[{"@type":"ReadAction","target":["https:\/\/reparacionmovil.es\/blog\/fecha-de-lanzamiento-del-iphone-13\/"]}]},{"@type":"BreadcrumbList","@id":"https:\/\/reparacionmovil.es\/blog\/fecha-de-lanzamiento-del-iphone-13\/#breadcrumb","itemListElement":[{"@type":"ListItem","position":1,"name":"Portada","item":"https:\/\/reparacionmovil.es\/blog\/"},{"@type":"ListItem","position":2,"name":"Fecha de lanzamiento del iPhone 13"}]},{"@type":"WebSite","@id":"https:\/\/reparacionmovil.es\/blog\/#website","url":"https:\/\/reparacionmovil.es\/blog\/","name":"Reparaci\u00f3n M\u00f3vil","description":"Info, Novedades y Consejos para T\u00e9lefono M\u00f3viles","potentialAction":[{"@type":"SearchAction","target":{"@type":"EntryPoint","urlTemplate":"https:\/\/reparacionmovil.es\/blog\/?s={search_term_string}"},"query-input":"required name=search_term_string"}],"inLanguage":"es"},{"@type":"Person","@id":"https:\/\/reparacionmovil.es\/blog\/#\/schema\/person\/0025d1c8c6c1e84e15dbb1fa25df795e","name":"Vanesa","image":{"@type":"ImageObject","inLanguage":"es","@id":"https:\/\/reparacionmovil.es\/blog\/#\/schema\/person\/image\/","url":"https:\/\/secure.gravatar.com\/avatar\/ee265eb0063318c308c04d78d19df9e009f02feea93cd72838a5c405f8577549?s=96&d=mm&r=g","contentUrl":"https:\/\/secure.gravatar.com\/avatar\/ee265eb0063318c308c04d78d19df9e009f02feea93cd72838a5c405f8577549?s=96&d=mm&r=g","caption":"Vanesa"},"sameAs":["http:\/\/reparacionmovil.es\/blog"]}]}},"_links":{"self":[{"href":"https:\/\/reparacionmovil.es\/blog\/wp-json\/wp\/v2\/posts\/682","targetHints":{"allow":["GET"]}}],"collection":[{"href":"https:\/\/reparacionmovil.es\/blog\/wp-json\/wp\/v2\/posts"}],"about":[{"href":"https:\/\/reparacionmovil.es\/blog\/wp-json\/wp\/v2\/types\/post"}],"author":[{"embeddable":true,"href":"https:\/\/reparacionmovil.es\/blog\/wp-json\/wp\/v2\/users\/1"}],"replies":[{"embeddable":true,"href":"https:\/\/reparacionmovil.es\/blog\/wp-json\/wp\/v2\/comments?post=682"}],"version-history":[{"count":1,"href":"https:\/\/reparacionmovil.es\/blog\/wp-json\/wp\/v2\/posts\/682\/revisions"}],"predecessor-version":[{"id":684,"href":"https:\/\/reparacionmovil.es\/blog\/wp-json\/wp\/v2\/posts\/682\/revisions\/684"}],"wp:featuredmedia":[{"embeddable":true,"href":"https:\/\/reparacionmovil.es\/blog\/wp-json\/wp\/v2\/media\/683"}],"wp:attachment":[{"href":"https:\/\/reparacionmovil.es\/blog\/wp-json\/wp\/v2\/media?parent=682"}],"wp:term":[{"taxonomy":"category","embeddable":true,"href":"https:\/\/reparacionmovil.es\/blog\/wp-json\/wp\/v2\/categories?post=682"},{"taxonomy":"post_tag","embeddable":true,"href":"https:\/\/reparacionmovil.es\/blog\/wp-json\/wp\/v2\/tags?post=682"}],"curies":[{"name":"wp","href":"https:\/\/api.w.org\/{rel}","templated":true}]}}