{"id":685,"date":"2025-04-01T18:23:22","date_gmt":"2025-04-01T18:23:22","guid":{"rendered":"https:\/\/reparacionmovil.es\/blog\/?p=685"},"modified":"2025-04-01T18:23:22","modified_gmt":"2025-04-01T18:23:22","slug":"que-nuevas-funciones-traera-apple-en-iphone-13","status":"publish","type":"post","link":"https:\/\/reparacionmovil.es\/blog\/que-nuevas-funciones-traera-apple-en-iphone-13\/","title":{"rendered":"\u00bfQu\u00e9 nuevas funciones  traer\u00e1 Apple  en iPhone 13?"},"content":{"rendered":"<p>Obviamente, como todav\u00eda faltan muchos meses hasta que se presente el iPhone 13, no hay muchas noticias confirmadas sobre caracter\u00edsticas o especificaciones. Sin embargo, eso no ha impedido que los rumores se sobrecarguen, con varias filtraciones y pron\u00f3sticos sobre lo que Apple tiene reservado. Esto es lo que se ha dicho hasta ahora.<\/p>\n<h2>\nUn dise\u00f1o m\u00e1s grueso<\/h2>\n<p>Si bien es m\u00e1s que probable que la gama del iPhone 13 se parezca a la del iPhone 12, los rumores sugieren que esta vez podr\u00eda ser un poco m\u00e1s gruesa. \u00bfPor qu\u00e9? Podr\u00eda deberse en parte al m\u00f3dulo de la c\u00e1mara, seg\u00fan los documentos filtrados compartidos por MacRumours.<\/p>\n<p>Seg\u00fan los esquemas vistos por MacRumours, la protuberancia de la c\u00e1mara del iPhone 13 Pro se extiende a 3,65 mm, 1,7 mm m\u00e1s en comparaci\u00f3n con la generaci\u00f3n anterior. Tampoco es exclusivo del modelo Pro; la protuberancia de la c\u00e1mara del iPhone 13 supuestamente sobresale 1.01 mm extra, llev\u00e1ndola a 2.51 mm.<\/p>\n<p>Por separado, Mac Otakara sugiere que el grosor general del rango aumentar\u00e1 en alrededor de 0,26 mm, y que los nuevos modelos podr\u00edan ser m\u00e1s pesados \u200b\u200bque sus predecesores debido a bater\u00edas m\u00e1s grandes.<\/p>\n<h3>\nProcesador y almacenamiento<\/h3>\n<p>Es una decisi\u00f3n bastante segura decir que el iPhone 13 llegar\u00e1 con la \u00faltima versi\u00f3n de los procesadores de la serie A de Apple. As\u00ed como el iPhone 11 luc\u00eda un A13 Bionic y el iPhone 12 lleg\u00f3 con el A14 Bionic, es una buena apuesta que el iPhone 13 vendr\u00e1 con un nuevo A15 Bionic. A\u00fan est\u00e1 por determinarse c\u00f3mo esto mejorar\u00e1 las cosas, pero se esperan aumentos de rendimiento y una mejor gesti\u00f3n de la energ\u00eda con el silicio actualizado.<\/p>\n","protected":false},"excerpt":{"rendered":"<p>Obviamente, como todav\u00eda faltan muchos meses hasta que se presente el iPhone 13, no hay muchas noticias confirmadas sobre caracter\u00edsticas o especificaciones. Sin embargo, eso no ha impedido que los rumores se sobrecarguen, con varias filtraciones y pron\u00f3sticos sobre lo que Apple tiene reservado. Esto es lo que se ha dicho hasta ahora. Un dise\u00f1o [&hellip;]<\/p>\n","protected":false},"author":1,"featured_media":688,"comment_status":"open","ping_status":"open","sticky":false,"template":"","format":"standard","meta":{"footnotes":""},"categories":[2],"tags":[],"class_list":["post-685","post","type-post","status-publish","format-standard","has-post-thumbnail","hentry","category-moviles"],"yoast_head":"<!-- This site is optimized with the Yoast SEO plugin v20.4 - https:\/\/yoast.com\/wordpress\/plugins\/seo\/ -->\n<title>\u00bfQu\u00e9 nuevas funciones traer\u00e1 Apple en iPhone 13? | Reparaci\u00f3n M\u00f3vil<\/title>\n<meta name=\"description\" content=\"\u00bfQu\u00e9 nuevas funciones traer\u00e1 Apple en iPhone 13? como todav\u00eda faltan muchos meses hasta que se presente el iPhone 13, no hay muchas noticias\" \/>\n<meta name=\"robots\" content=\"index, follow, max-snippet:-1, max-image-preview:large, max-video-preview:-1\" \/>\n<link rel=\"canonical\" href=\"https:\/\/reparacionmovil.es\/blog\/que-nuevas-funciones-traera-apple-en-iphone-13\/\" \/>\n<meta property=\"og:locale\" content=\"es_ES\" \/>\n<meta property=\"og:type\" content=\"article\" \/>\n<meta property=\"og:title\" content=\"\u00bfQu\u00e9 nuevas funciones traer\u00e1 Apple en iPhone 13? | Reparaci\u00f3n M\u00f3vil\" \/>\n<meta property=\"og:description\" content=\"\u00bfQu\u00e9 nuevas funciones traer\u00e1 Apple en iPhone 13? como todav\u00eda faltan muchos meses hasta que se presente el iPhone 13, no hay muchas noticias\" \/>\n<meta property=\"og:url\" content=\"https:\/\/reparacionmovil.es\/blog\/que-nuevas-funciones-traera-apple-en-iphone-13\/\" \/>\n<meta property=\"og:site_name\" content=\"Reparaci\u00f3n M\u00f3vil\" \/>\n<meta property=\"article:publisher\" content=\"https:\/\/www.facebook.com\/Reparaci%c3%b3n-M%c3%b3vil-299245680784157\" \/>\n<meta property=\"article:published_time\" content=\"2025-04-01T18:23:22+00:00\" \/>\n<meta property=\"og:image\" content=\"https:\/\/reparacionmovil.es\/blog\/wp-content\/uploads\/2021\/05\/13-funciones-iphone.jpg\" \/>\n\t<meta property=\"og:image:width\" content=\"560\" \/>\n\t<meta property=\"og:image:height\" content=\"416\" \/>\n\t<meta property=\"og:image:type\" content=\"image\/jpeg\" \/>\n<meta name=\"author\" content=\"Vanesa\" \/>\n<meta name=\"twitter:card\" content=\"summary_large_image\" \/>\n<meta name=\"twitter:label1\" content=\"Escrito por\" \/>\n\t<meta name=\"twitter:data1\" content=\"Vanesa\" \/>\n\t<meta name=\"twitter:label2\" content=\"Tiempo de lectura\" \/>\n\t<meta name=\"twitter:data2\" content=\"2 minutos\" \/>\n<script type=\"application\/ld+json\" class=\"yoast-schema-graph\">{\"@context\":\"https:\/\/schema.org\",\"@graph\":[{\"@type\":\"WebPage\",\"@id\":\"https:\/\/reparacionmovil.es\/blog\/que-nuevas-funciones-traera-apple-en-iphone-13\/\",\"url\":\"https:\/\/reparacionmovil.es\/blog\/que-nuevas-funciones-traera-apple-en-iphone-13\/\",\"name\":\"\u00bfQu\u00e9 nuevas funciones traer\u00e1 Apple en iPhone 13? | Reparaci\u00f3n M\u00f3vil\",\"isPartOf\":{\"@id\":\"https:\/\/reparacionmovil.es\/blog\/#website\"},\"datePublished\":\"2025-04-01T18:23:22+00:00\",\"dateModified\":\"2025-04-01T18:23:22+00:00\",\"author\":{\"@id\":\"https:\/\/reparacionmovil.es\/blog\/#\/schema\/person\/0025d1c8c6c1e84e15dbb1fa25df795e\"},\"description\":\"\u00bfQu\u00e9 nuevas funciones traer\u00e1 Apple en iPhone 13? como todav\u00eda faltan muchos meses hasta que se presente el iPhone 13, no hay muchas noticias\",\"breadcrumb\":{\"@id\":\"https:\/\/reparacionmovil.es\/blog\/que-nuevas-funciones-traera-apple-en-iphone-13\/#breadcrumb\"},\"inLanguage\":\"es\",\"potentialAction\":[{\"@type\":\"ReadAction\",\"target\":[\"https:\/\/reparacionmovil.es\/blog\/que-nuevas-funciones-traera-apple-en-iphone-13\/\"]}]},{\"@type\":\"BreadcrumbList\",\"@id\":\"https:\/\/reparacionmovil.es\/blog\/que-nuevas-funciones-traera-apple-en-iphone-13\/#breadcrumb\",\"itemListElement\":[{\"@type\":\"ListItem\",\"position\":1,\"name\":\"Portada\",\"item\":\"https:\/\/reparacionmovil.es\/blog\/\"},{\"@type\":\"ListItem\",\"position\":2,\"name\":\"\u00bfQu\u00e9 nuevas funciones traer\u00e1 Apple en iPhone 13?\"}]},{\"@type\":\"WebSite\",\"@id\":\"https:\/\/reparacionmovil.es\/blog\/#website\",\"url\":\"https:\/\/reparacionmovil.es\/blog\/\",\"name\":\"Reparaci\u00f3n M\u00f3vil\",\"description\":\"Info, Novedades y Consejos para T\u00e9lefono M\u00f3viles\",\"potentialAction\":[{\"@type\":\"SearchAction\",\"target\":{\"@type\":\"EntryPoint\",\"urlTemplate\":\"https:\/\/reparacionmovil.es\/blog\/?s={search_term_string}\"},\"query-input\":\"required name=search_term_string\"}],\"inLanguage\":\"es\"},{\"@type\":\"Person\",\"@id\":\"https:\/\/reparacionmovil.es\/blog\/#\/schema\/person\/0025d1c8c6c1e84e15dbb1fa25df795e\",\"name\":\"Vanesa\",\"image\":{\"@type\":\"ImageObject\",\"inLanguage\":\"es\",\"@id\":\"https:\/\/reparacionmovil.es\/blog\/#\/schema\/person\/image\/\",\"url\":\"https:\/\/secure.gravatar.com\/avatar\/ee265eb0063318c308c04d78d19df9e009f02feea93cd72838a5c405f8577549?s=96&d=mm&r=g\",\"contentUrl\":\"https:\/\/secure.gravatar.com\/avatar\/ee265eb0063318c308c04d78d19df9e009f02feea93cd72838a5c405f8577549?s=96&d=mm&r=g\",\"caption\":\"Vanesa\"},\"sameAs\":[\"http:\/\/reparacionmovil.es\/blog\"]}]}<\/script>\n<!-- \/ Yoast SEO plugin. -->","yoast_head_json":{"title":"\u00bfQu\u00e9 nuevas funciones traer\u00e1 Apple en iPhone 13? | Reparaci\u00f3n M\u00f3vil","description":"\u00bfQu\u00e9 nuevas funciones traer\u00e1 Apple en iPhone 13? como todav\u00eda faltan muchos meses hasta que se presente el iPhone 13, no hay muchas noticias","robots":{"index":"index","follow":"follow","max-snippet":"max-snippet:-1","max-image-preview":"max-image-preview:large","max-video-preview":"max-video-preview:-1"},"canonical":"https:\/\/reparacionmovil.es\/blog\/que-nuevas-funciones-traera-apple-en-iphone-13\/","og_locale":"es_ES","og_type":"article","og_title":"\u00bfQu\u00e9 nuevas funciones traer\u00e1 Apple en iPhone 13? | Reparaci\u00f3n M\u00f3vil","og_description":"\u00bfQu\u00e9 nuevas funciones traer\u00e1 Apple en iPhone 13? como todav\u00eda faltan muchos meses hasta que se presente el iPhone 13, no hay muchas noticias","og_url":"https:\/\/reparacionmovil.es\/blog\/que-nuevas-funciones-traera-apple-en-iphone-13\/","og_site_name":"Reparaci\u00f3n M\u00f3vil","article_publisher":"https:\/\/www.facebook.com\/Reparaci%c3%b3n-M%c3%b3vil-299245680784157","article_published_time":"2025-04-01T18:23:22+00:00","og_image":[{"width":560,"height":416,"url":"https:\/\/reparacionmovil.es\/blog\/wp-content\/uploads\/2021\/05\/13-funciones-iphone.jpg","type":"image\/jpeg"}],"author":"Vanesa","twitter_card":"summary_large_image","twitter_misc":{"Escrito por":"Vanesa","Tiempo de lectura":"2 minutos"},"schema":{"@context":"https:\/\/schema.org","@graph":[{"@type":"WebPage","@id":"https:\/\/reparacionmovil.es\/blog\/que-nuevas-funciones-traera-apple-en-iphone-13\/","url":"https:\/\/reparacionmovil.es\/blog\/que-nuevas-funciones-traera-apple-en-iphone-13\/","name":"\u00bfQu\u00e9 nuevas funciones traer\u00e1 Apple en iPhone 13? | Reparaci\u00f3n M\u00f3vil","isPartOf":{"@id":"https:\/\/reparacionmovil.es\/blog\/#website"},"datePublished":"2025-04-01T18:23:22+00:00","dateModified":"2025-04-01T18:23:22+00:00","author":{"@id":"https:\/\/reparacionmovil.es\/blog\/#\/schema\/person\/0025d1c8c6c1e84e15dbb1fa25df795e"},"description":"\u00bfQu\u00e9 nuevas funciones traer\u00e1 Apple en iPhone 13? como todav\u00eda faltan muchos meses hasta que se presente el iPhone 13, no hay muchas noticias","breadcrumb":{"@id":"https:\/\/reparacionmovil.es\/blog\/que-nuevas-funciones-traera-apple-en-iphone-13\/#breadcrumb"},"inLanguage":"es","potentialAction":[{"@type":"ReadAction","target":["https:\/\/reparacionmovil.es\/blog\/que-nuevas-funciones-traera-apple-en-iphone-13\/"]}]},{"@type":"BreadcrumbList","@id":"https:\/\/reparacionmovil.es\/blog\/que-nuevas-funciones-traera-apple-en-iphone-13\/#breadcrumb","itemListElement":[{"@type":"ListItem","position":1,"name":"Portada","item":"https:\/\/reparacionmovil.es\/blog\/"},{"@type":"ListItem","position":2,"name":"\u00bfQu\u00e9 nuevas funciones traer\u00e1 Apple en iPhone 13?"}]},{"@type":"WebSite","@id":"https:\/\/reparacionmovil.es\/blog\/#website","url":"https:\/\/reparacionmovil.es\/blog\/","name":"Reparaci\u00f3n M\u00f3vil","description":"Info, Novedades y Consejos para T\u00e9lefono M\u00f3viles","potentialAction":[{"@type":"SearchAction","target":{"@type":"EntryPoint","urlTemplate":"https:\/\/reparacionmovil.es\/blog\/?s={search_term_string}"},"query-input":"required name=search_term_string"}],"inLanguage":"es"},{"@type":"Person","@id":"https:\/\/reparacionmovil.es\/blog\/#\/schema\/person\/0025d1c8c6c1e84e15dbb1fa25df795e","name":"Vanesa","image":{"@type":"ImageObject","inLanguage":"es","@id":"https:\/\/reparacionmovil.es\/blog\/#\/schema\/person\/image\/","url":"https:\/\/secure.gravatar.com\/avatar\/ee265eb0063318c308c04d78d19df9e009f02feea93cd72838a5c405f8577549?s=96&d=mm&r=g","contentUrl":"https:\/\/secure.gravatar.com\/avatar\/ee265eb0063318c308c04d78d19df9e009f02feea93cd72838a5c405f8577549?s=96&d=mm&r=g","caption":"Vanesa"},"sameAs":["http:\/\/reparacionmovil.es\/blog"]}]}},"_links":{"self":[{"href":"https:\/\/reparacionmovil.es\/blog\/wp-json\/wp\/v2\/posts\/685","targetHints":{"allow":["GET"]}}],"collection":[{"href":"https:\/\/reparacionmovil.es\/blog\/wp-json\/wp\/v2\/posts"}],"about":[{"href":"https:\/\/reparacionmovil.es\/blog\/wp-json\/wp\/v2\/types\/post"}],"author":[{"embeddable":true,"href":"https:\/\/reparacionmovil.es\/blog\/wp-json\/wp\/v2\/users\/1"}],"replies":[{"embeddable":true,"href":"https:\/\/reparacionmovil.es\/blog\/wp-json\/wp\/v2\/comments?post=685"}],"version-history":[{"count":3,"href":"https:\/\/reparacionmovil.es\/blog\/wp-json\/wp\/v2\/posts\/685\/revisions"}],"predecessor-version":[{"id":689,"href":"https:\/\/reparacionmovil.es\/blog\/wp-json\/wp\/v2\/posts\/685\/revisions\/689"}],"wp:featuredmedia":[{"embeddable":true,"href":"https:\/\/reparacionmovil.es\/blog\/wp-json\/wp\/v2\/media\/688"}],"wp:attachment":[{"href":"https:\/\/reparacionmovil.es\/blog\/wp-json\/wp\/v2\/media?parent=685"}],"wp:term":[{"taxonomy":"category","embeddable":true,"href":"https:\/\/reparacionmovil.es\/blog\/wp-json\/wp\/v2\/categories?post=685"},{"taxonomy":"post_tag","embeddable":true,"href":"https:\/\/reparacionmovil.es\/blog\/wp-json\/wp\/v2\/tags?post=685"}],"curies":[{"name":"wp","href":"https:\/\/api.w.org\/{rel}","templated":true}]}}