{"id":702,"date":"2025-04-01T18:23:22","date_gmt":"2025-04-01T18:23:22","guid":{"rendered":"https:\/\/reparacionmovil.es\/blog\/?p=702"},"modified":"2025-04-01T18:23:22","modified_gmt":"2025-04-01T18:23:22","slug":"pantalla-negra-de-la-camara-del-iphone-12-pro-max","status":"publish","type":"post","link":"https:\/\/reparacionmovil.es\/blog\/pantalla-negra-de-la-camara-del-iphone-12-pro-max\/","title":{"rendered":"\u00bfPantalla negra de la c\u00e1mara del iPhone 12 Pro Max?"},"content":{"rendered":"<p>Si su iPhone 12 Pro Max muestra una pantalla negra cuando abre la c\u00e1mara, hay una serie de pasos para solucionar problemas que puede intentar para solucionar el problema.<\/p>\n<p>Este art\u00edculo explica exactamente c\u00f3mo solucionar el problema de la pantalla negra de la c\u00e1mara del iPhone 12 Pro Max.<\/p>\n<h2>Compruebe la carcasa del iPhone y la lente de la c\u00e1mara<\/h2>\n<p>Si est\u00e1 utilizando una funda para proteger su dispositivo iOS, aseg\u00farese de que la funda no est\u00e9 bloqueando la c\u00e1mara frontal de su iPhone.<\/p>\n<p>Adem\u00e1s, inspeccione la lente de su c\u00e1mara y limpie la lente, si la encuentra cubierta de polvo o suciedad.<\/p>\n<h3>Cerrar la aplicaci\u00f3n de la c\u00e1mara<\/h3>\n<p>A veces, la aplicaci\u00f3n de la c\u00e1mara en su dispositivo no se carga correctamente, lo que causa un problema con la pantalla negra de la c\u00e1mara del iPhone 12 Pro Max. En ese caso, solucione el problema cerrando la aplicaci\u00f3n de la c\u00e1mara con fuerza. Puedes cerrar la aplicaci\u00f3n de la c\u00e1mara de tu iPhone deslizando el dedo hacia arriba desde la parte inferior de la pantalla. Ahora, deslice hacia arriba la interfaz de la c\u00e1mara y cierre la aplicaci\u00f3n de la c\u00e1mara. Despu\u00e9s de hacer eso, espere 5 minutos y reinicie su tel\u00e9fono nuevamente. Esto puede ayudar a resolver el problema.<\/p>\n<h4>Cambiar de c\u00e1mara frontal a c\u00e1mara trasera<\/h4>\n<p>Este truco puede ayudarlo a lidiar con el problema de la pantalla negra de la c\u00e1mara del iPhone 12 Pro Max sin visitar la tienda de Apple. Los usuarios han informado que han solucionado el problema al cambiar de la c\u00e1mara frontal a la trasera durante un breve per\u00edodo de tiempo.<\/p>\n<p>Toque el icono del conmutador para cambiar de la c\u00e1mara frontal a la trasera&gt; Espere 10 segundos y toque el icono del conmutador nuevamente para volver a la c\u00e1mara frontal.<\/p>\n<h5>Reiniciar iPhone<\/h5>\n<p>La forma com\u00fan de solucionar el problema de la c\u00e1mara de pantalla negra del iPhone 12 Pro Max es restablecer el ciclo de energ\u00eda del dispositivo. As\u00ed es c\u00f3mo:<\/p>\n<p>Dir\u00edgete a Configuraci\u00f3n&gt; General&gt; despl\u00e1zate hacia abajo y toca Apagar.<\/p>\n<p>Aparecer\u00e1 la pantalla Deslizar para apagar, arrastre el control deslizante de izquierda a derecha para apagar el iPhone.<\/p>\n<p>Permita que el iPhone se apague por completo&gt; Espere 30 segundos&gt; vuelva a encender el iPhone y vea si la c\u00e1mara ahora est\u00e1 funcionando.<\/p>\n","protected":false},"excerpt":{"rendered":"<p>Si su iPhone 12 Pro Max muestra una pantalla negra cuando abre la c\u00e1mara, hay una serie de pasos para solucionar problemas que puede intentar para solucionar el problema. Este art\u00edculo explica exactamente c\u00f3mo solucionar el problema de la pantalla negra de la c\u00e1mara del iPhone 12 Pro Max. Compruebe la carcasa del iPhone y [&hellip;]<\/p>\n","protected":false},"author":1,"featured_media":703,"comment_status":"open","ping_status":"open","sticky":false,"template":"","format":"standard","meta":{"footnotes":""},"categories":[2],"tags":[],"class_list":["post-702","post","type-post","status-publish","format-standard","has-post-thumbnail","hentry","category-moviles"],"yoast_head":"<!-- This site is optimized with the Yoast SEO plugin v20.4 - https:\/\/yoast.com\/wordpress\/plugins\/seo\/ -->\n<title>\u00bfPantalla negra de la c\u00e1mara del iPhone 12 Pro Max? | Reparaci\u00f3n M\u00f3vil<\/title>\n<meta name=\"description\" content=\"\u00bfPantalla negra de la c\u00e1mara del iPhone 12 Pro Max?. Si su iPhone 12 Pro Max muestra una pantalla negra cuando abre la c\u00e1mara\" \/>\n<meta name=\"robots\" content=\"index, follow, max-snippet:-1, max-image-preview:large, max-video-preview:-1\" \/>\n<link rel=\"canonical\" href=\"https:\/\/reparacionmovil.es\/blog\/pantalla-negra-de-la-camara-del-iphone-12-pro-max\/\" \/>\n<meta property=\"og:locale\" content=\"es_ES\" \/>\n<meta property=\"og:type\" content=\"article\" \/>\n<meta property=\"og:title\" content=\"\u00bfPantalla negra de la c\u00e1mara del iPhone 12 Pro Max? | Reparaci\u00f3n M\u00f3vil\" \/>\n<meta property=\"og:description\" content=\"\u00bfPantalla negra de la c\u00e1mara del iPhone 12 Pro Max?. Si su iPhone 12 Pro Max muestra una pantalla negra cuando abre la c\u00e1mara\" \/>\n<meta property=\"og:url\" content=\"https:\/\/reparacionmovil.es\/blog\/pantalla-negra-de-la-camara-del-iphone-12-pro-max\/\" \/>\n<meta property=\"og:site_name\" content=\"Reparaci\u00f3n M\u00f3vil\" \/>\n<meta property=\"article:publisher\" content=\"https:\/\/www.facebook.com\/Reparaci%c3%b3n-M%c3%b3vil-299245680784157\" \/>\n<meta property=\"article:published_time\" content=\"2025-04-01T18:23:22+00:00\" \/>\n<meta property=\"og:image\" content=\"https:\/\/reparacionmovil.es\/blog\/wp-content\/uploads\/2021\/05\/pantalla-negra-iphone.jpg\" \/>\n\t<meta property=\"og:image:width\" content=\"560\" \/>\n\t<meta property=\"og:image:height\" content=\"416\" \/>\n\t<meta property=\"og:image:type\" content=\"image\/jpeg\" \/>\n<meta name=\"author\" content=\"Vanesa\" \/>\n<meta name=\"twitter:card\" content=\"summary_large_image\" \/>\n<meta name=\"twitter:label1\" content=\"Escrito por\" \/>\n\t<meta name=\"twitter:data1\" content=\"Vanesa\" \/>\n\t<meta name=\"twitter:label2\" content=\"Tiempo de lectura\" \/>\n\t<meta name=\"twitter:data2\" content=\"2 minutos\" \/>\n<script type=\"application\/ld+json\" class=\"yoast-schema-graph\">{\"@context\":\"https:\/\/schema.org\",\"@graph\":[{\"@type\":\"WebPage\",\"@id\":\"https:\/\/reparacionmovil.es\/blog\/pantalla-negra-de-la-camara-del-iphone-12-pro-max\/\",\"url\":\"https:\/\/reparacionmovil.es\/blog\/pantalla-negra-de-la-camara-del-iphone-12-pro-max\/\",\"name\":\"\u00bfPantalla negra de la c\u00e1mara del iPhone 12 Pro Max? | Reparaci\u00f3n M\u00f3vil\",\"isPartOf\":{\"@id\":\"https:\/\/reparacionmovil.es\/blog\/#website\"},\"datePublished\":\"2025-04-01T18:23:22+00:00\",\"dateModified\":\"2025-04-01T18:23:22+00:00\",\"author\":{\"@id\":\"https:\/\/reparacionmovil.es\/blog\/#\/schema\/person\/0025d1c8c6c1e84e15dbb1fa25df795e\"},\"description\":\"\u00bfPantalla negra de la c\u00e1mara del iPhone 12 Pro Max?. Si su iPhone 12 Pro Max muestra una pantalla negra cuando abre la c\u00e1mara\",\"breadcrumb\":{\"@id\":\"https:\/\/reparacionmovil.es\/blog\/pantalla-negra-de-la-camara-del-iphone-12-pro-max\/#breadcrumb\"},\"inLanguage\":\"es\",\"potentialAction\":[{\"@type\":\"ReadAction\",\"target\":[\"https:\/\/reparacionmovil.es\/blog\/pantalla-negra-de-la-camara-del-iphone-12-pro-max\/\"]}]},{\"@type\":\"BreadcrumbList\",\"@id\":\"https:\/\/reparacionmovil.es\/blog\/pantalla-negra-de-la-camara-del-iphone-12-pro-max\/#breadcrumb\",\"itemListElement\":[{\"@type\":\"ListItem\",\"position\":1,\"name\":\"Portada\",\"item\":\"https:\/\/reparacionmovil.es\/blog\/\"},{\"@type\":\"ListItem\",\"position\":2,\"name\":\"\u00bfPantalla negra de la c\u00e1mara del iPhone 12 Pro Max?\"}]},{\"@type\":\"WebSite\",\"@id\":\"https:\/\/reparacionmovil.es\/blog\/#website\",\"url\":\"https:\/\/reparacionmovil.es\/blog\/\",\"name\":\"Reparaci\u00f3n M\u00f3vil\",\"description\":\"Info, Novedades y Consejos para T\u00e9lefono M\u00f3viles\",\"potentialAction\":[{\"@type\":\"SearchAction\",\"target\":{\"@type\":\"EntryPoint\",\"urlTemplate\":\"https:\/\/reparacionmovil.es\/blog\/?s={search_term_string}\"},\"query-input\":\"required name=search_term_string\"}],\"inLanguage\":\"es\"},{\"@type\":\"Person\",\"@id\":\"https:\/\/reparacionmovil.es\/blog\/#\/schema\/person\/0025d1c8c6c1e84e15dbb1fa25df795e\",\"name\":\"Vanesa\",\"image\":{\"@type\":\"ImageObject\",\"inLanguage\":\"es\",\"@id\":\"https:\/\/reparacionmovil.es\/blog\/#\/schema\/person\/image\/\",\"url\":\"https:\/\/secure.gravatar.com\/avatar\/ee265eb0063318c308c04d78d19df9e009f02feea93cd72838a5c405f8577549?s=96&d=mm&r=g\",\"contentUrl\":\"https:\/\/secure.gravatar.com\/avatar\/ee265eb0063318c308c04d78d19df9e009f02feea93cd72838a5c405f8577549?s=96&d=mm&r=g\",\"caption\":\"Vanesa\"},\"sameAs\":[\"http:\/\/reparacionmovil.es\/blog\"]}]}<\/script>\n<!-- \/ Yoast SEO plugin. -->","yoast_head_json":{"title":"\u00bfPantalla negra de la c\u00e1mara del iPhone 12 Pro Max? | Reparaci\u00f3n M\u00f3vil","description":"\u00bfPantalla negra de la c\u00e1mara del iPhone 12 Pro Max?. Si su iPhone 12 Pro Max muestra una pantalla negra cuando abre la c\u00e1mara","robots":{"index":"index","follow":"follow","max-snippet":"max-snippet:-1","max-image-preview":"max-image-preview:large","max-video-preview":"max-video-preview:-1"},"canonical":"https:\/\/reparacionmovil.es\/blog\/pantalla-negra-de-la-camara-del-iphone-12-pro-max\/","og_locale":"es_ES","og_type":"article","og_title":"\u00bfPantalla negra de la c\u00e1mara del iPhone 12 Pro Max? | Reparaci\u00f3n M\u00f3vil","og_description":"\u00bfPantalla negra de la c\u00e1mara del iPhone 12 Pro Max?. Si su iPhone 12 Pro Max muestra una pantalla negra cuando abre la c\u00e1mara","og_url":"https:\/\/reparacionmovil.es\/blog\/pantalla-negra-de-la-camara-del-iphone-12-pro-max\/","og_site_name":"Reparaci\u00f3n M\u00f3vil","article_publisher":"https:\/\/www.facebook.com\/Reparaci%c3%b3n-M%c3%b3vil-299245680784157","article_published_time":"2025-04-01T18:23:22+00:00","og_image":[{"width":560,"height":416,"url":"https:\/\/reparacionmovil.es\/blog\/wp-content\/uploads\/2021\/05\/pantalla-negra-iphone.jpg","type":"image\/jpeg"}],"author":"Vanesa","twitter_card":"summary_large_image","twitter_misc":{"Escrito por":"Vanesa","Tiempo de lectura":"2 minutos"},"schema":{"@context":"https:\/\/schema.org","@graph":[{"@type":"WebPage","@id":"https:\/\/reparacionmovil.es\/blog\/pantalla-negra-de-la-camara-del-iphone-12-pro-max\/","url":"https:\/\/reparacionmovil.es\/blog\/pantalla-negra-de-la-camara-del-iphone-12-pro-max\/","name":"\u00bfPantalla negra de la c\u00e1mara del iPhone 12 Pro Max? | Reparaci\u00f3n M\u00f3vil","isPartOf":{"@id":"https:\/\/reparacionmovil.es\/blog\/#website"},"datePublished":"2025-04-01T18:23:22+00:00","dateModified":"2025-04-01T18:23:22+00:00","author":{"@id":"https:\/\/reparacionmovil.es\/blog\/#\/schema\/person\/0025d1c8c6c1e84e15dbb1fa25df795e"},"description":"\u00bfPantalla negra de la c\u00e1mara del iPhone 12 Pro Max?. Si su iPhone 12 Pro Max muestra una pantalla negra cuando abre la c\u00e1mara","breadcrumb":{"@id":"https:\/\/reparacionmovil.es\/blog\/pantalla-negra-de-la-camara-del-iphone-12-pro-max\/#breadcrumb"},"inLanguage":"es","potentialAction":[{"@type":"ReadAction","target":["https:\/\/reparacionmovil.es\/blog\/pantalla-negra-de-la-camara-del-iphone-12-pro-max\/"]}]},{"@type":"BreadcrumbList","@id":"https:\/\/reparacionmovil.es\/blog\/pantalla-negra-de-la-camara-del-iphone-12-pro-max\/#breadcrumb","itemListElement":[{"@type":"ListItem","position":1,"name":"Portada","item":"https:\/\/reparacionmovil.es\/blog\/"},{"@type":"ListItem","position":2,"name":"\u00bfPantalla negra de la c\u00e1mara del iPhone 12 Pro Max?"}]},{"@type":"WebSite","@id":"https:\/\/reparacionmovil.es\/blog\/#website","url":"https:\/\/reparacionmovil.es\/blog\/","name":"Reparaci\u00f3n M\u00f3vil","description":"Info, Novedades y Consejos para T\u00e9lefono M\u00f3viles","potentialAction":[{"@type":"SearchAction","target":{"@type":"EntryPoint","urlTemplate":"https:\/\/reparacionmovil.es\/blog\/?s={search_term_string}"},"query-input":"required name=search_term_string"}],"inLanguage":"es"},{"@type":"Person","@id":"https:\/\/reparacionmovil.es\/blog\/#\/schema\/person\/0025d1c8c6c1e84e15dbb1fa25df795e","name":"Vanesa","image":{"@type":"ImageObject","inLanguage":"es","@id":"https:\/\/reparacionmovil.es\/blog\/#\/schema\/person\/image\/","url":"https:\/\/secure.gravatar.com\/avatar\/ee265eb0063318c308c04d78d19df9e009f02feea93cd72838a5c405f8577549?s=96&d=mm&r=g","contentUrl":"https:\/\/secure.gravatar.com\/avatar\/ee265eb0063318c308c04d78d19df9e009f02feea93cd72838a5c405f8577549?s=96&d=mm&r=g","caption":"Vanesa"},"sameAs":["http:\/\/reparacionmovil.es\/blog"]}]}},"_links":{"self":[{"href":"https:\/\/reparacionmovil.es\/blog\/wp-json\/wp\/v2\/posts\/702","targetHints":{"allow":["GET"]}}],"collection":[{"href":"https:\/\/reparacionmovil.es\/blog\/wp-json\/wp\/v2\/posts"}],"about":[{"href":"https:\/\/reparacionmovil.es\/blog\/wp-json\/wp\/v2\/types\/post"}],"author":[{"embeddable":true,"href":"https:\/\/reparacionmovil.es\/blog\/wp-json\/wp\/v2\/users\/1"}],"replies":[{"embeddable":true,"href":"https:\/\/reparacionmovil.es\/blog\/wp-json\/wp\/v2\/comments?post=702"}],"version-history":[{"count":1,"href":"https:\/\/reparacionmovil.es\/blog\/wp-json\/wp\/v2\/posts\/702\/revisions"}],"predecessor-version":[{"id":704,"href":"https:\/\/reparacionmovil.es\/blog\/wp-json\/wp\/v2\/posts\/702\/revisions\/704"}],"wp:featuredmedia":[{"embeddable":true,"href":"https:\/\/reparacionmovil.es\/blog\/wp-json\/wp\/v2\/media\/703"}],"wp:attachment":[{"href":"https:\/\/reparacionmovil.es\/blog\/wp-json\/wp\/v2\/media?parent=702"}],"wp:term":[{"taxonomy":"category","embeddable":true,"href":"https:\/\/reparacionmovil.es\/blog\/wp-json\/wp\/v2\/categories?post=702"},{"taxonomy":"post_tag","embeddable":true,"href":"https:\/\/reparacionmovil.es\/blog\/wp-json\/wp\/v2\/tags?post=702"}],"curies":[{"name":"wp","href":"https:\/\/api.w.org\/{rel}","templated":true}]}}