{"id":727,"date":"2025-04-01T18:23:22","date_gmt":"2025-04-01T18:23:22","guid":{"rendered":"https:\/\/reparacionmovil.es\/blog\/?p=727"},"modified":"2025-04-01T18:23:22","modified_gmt":"2025-04-01T18:23:22","slug":"face-id-no-funciona-en-el-iphone-12-mini","status":"publish","type":"post","link":"https:\/\/reparacionmovil.es\/blog\/face-id-no-funciona-en-el-iphone-12-mini\/","title":{"rendered":"\u00bfFace ID no funciona en el iPhone 12 mini?"},"content":{"rendered":"<p>Face ID es un m\u00e9todo para autenticar su identidad en un iPhone o iPad. Cuando Face ID no funciona en el iPhone 12 mini, no puede usar su rostro para ingresar a su dispositivo, ni puede escanear su rostro para realizar compras en lugares como la App Store.<\/p>\n<p>Si ya intentaste configurar Face ID en tu iPhone 12 mini y no te permite completar la configuraci\u00f3n o no te permite escanear tu rostro, sigue leyendo para saber c\u00f3mo corregir que Face ID no funcione en el iPhone 12 mini.<\/p>\n<h1>Qu\u00e9 hacer cuando Face ID no funciona en iPhone12 mini<\/h1>\n<p>Puede haber varias razones por las que Face ID puede no funcionar en su iPhone 12 mini. Por ejemplo, el problema puede surgir debido a un error de software aleatorio, un error diverso o incluso a sus gafas de sol o protector de pantalla defectuoso. Por lo tanto, deber\u00e1 observar de cerca varias cosas para solucionar el problema de que Face ID no funcione en el iPhone 12 mini.<\/p>\n<p>Vale la pena se\u00f1alar que tambi\u00e9n puede probar estas soluciones para solucionar problemas de Face ID en su iPhone 12, iPhone 12 Pro o iPhone 12 Pro Max. Por lo tanto, independientemente de si tiene problemas en su iPhone 12 mini, iPhone 12, iPhone 12 Pro o iPhone 12 Pro Max, siga los consejos a continuaci\u00f3n para solucionar el problema de Face ID que no funciona.<\/p>\n<h2>Reinicia tu iPhone<\/h2>\n<p>Como dije, algunas de estas soluciones pueden parecer tontas, y esta probablemente sea la m\u00e1s tonta que suena de todas. Reiniciar su iPhone es lo primero que debe intentar, sin importar el error o problema loco que encuentre. Para apagar su iPhone, simplemente mantenga presionado el bot\u00f3n lateral y cualquiera de los botones de volumen hasta que aparezca el control deslizante de apagado.<\/p>\n<p>Una vez que su iPhone est\u00e9 apagado, mantenga presionado el bot\u00f3n lateral hasta que aparezca el logotipo de Apple y espere a que su tel\u00e9fono se encienda. En m\u00e1s del 50% de los casos en los que su Face ID no funciona en el iPhone 12 mini, este m\u00e9todo simple deber\u00eda resolver el problema.<\/p>\n<h3>2. Compruebe si hay actualizaciones de software<\/h3>\n<p>Si Face ID no funciona en su iPhone 12 mini \/ iPhone 12 Pro Max, otra cosa que debe verificar es la \u00faltima actualizaci\u00f3n de software. Apple a menudo lanza correcciones de errores a trav\u00e9s de nuevas actualizaciones de software, y debe actualizar su iPhone tan pronto como se implementen las actualizaciones. Para verificar si tiene una actualizaci\u00f3n de software o no, abra la aplicaci\u00f3n Configuraci\u00f3n y vaya a General -&gt; Actualizaci\u00f3n de software y toque el bot\u00f3n \u00abDescargar e instalar\u00bb si hay una actualizaci\u00f3n disponible.<\/p>\n<h4>3. Mantenga la distancia requerida<\/h4>\n<p>Si su Face ID no funciona de manera intermitente, es muy probable que no sostenga su iPhone a la distancia requerida. Seg\u00fan las pautas de Apple, debe sostener su iPhone a una distancia de 10 a 20 pulgadas para que Face ID funcione sin problemas. Por lo tanto, tenga esto en cuenta al desbloquear su iPhone con Face ID.<\/p>\n<h5>4. Revise sus gafas de sol<\/h5>\n<p>Adem\u00e1s, debe saber que Face ID puede dejar de funcionar en el iPhone 12 mini si usa ciertos tipos de gafas de sol. Las gafas de sol que impiden el paso de la luz infrarroja hacen que Face ID falle, ya que la luz infrarroja es parte de su sistema de verificaci\u00f3n. Lamentablemente, no hay forma de saber qu\u00e9 gafas de sol no funcionar\u00e1n con Face ID, por lo que es posible que desee comprobar si el problema son las gafas de sol.<\/p>\n<h6>5.Aseg\u00farese de que sus sensores de identificaci\u00f3n facial no est\u00e9n cubiertos<\/h6>\n<p>Una de las principales razones por las que Face ID puede haber dejado de funcionar en su iPhone 12 mini \/ iPhone 12 Pro Max es que los usuarios, sin saberlo, cubren los sensores de Face ID. Puede ser el protector de pantalla que est\u00e1 usando, un reemplazo de pantalla o los sensores pueden estar sucios y cubiertos de polvo. Es por eso que debe limpiar los sensores con regularidad y quitar \/ volver a aplicar cualquier protector de pantalla que tenga en el dispositivo si Face ID no funciona en el iPhone 12 mini. Sugerimos usar un protector de pantalla con un corte preciso para la muesca.<\/p>\n","protected":false},"excerpt":{"rendered":"<p>Face ID es un m\u00e9todo para autenticar su identidad en un iPhone o iPad. Cuando Face ID no funciona en el iPhone 12 mini, no puede usar su rostro para ingresar a su dispositivo, ni puede escanear su rostro para realizar compras en lugares como la App Store. Si ya intentaste configurar Face ID en [&hellip;]<\/p>\n","protected":false},"author":1,"featured_media":728,"comment_status":"open","ping_status":"open","sticky":false,"template":"","format":"standard","meta":{"footnotes":""},"categories":[2],"tags":[],"class_list":["post-727","post","type-post","status-publish","format-standard","has-post-thumbnail","hentry","category-moviles"],"yoast_head":"<!-- This site is optimized with the Yoast SEO plugin v20.4 - https:\/\/yoast.com\/wordpress\/plugins\/seo\/ -->\n<title>\u00bfFace ID no funciona en el iPhone 12 mini? | Reparaci\u00f3n M\u00f3vil<\/title>\n<meta name=\"description\" content=\"\u00bfFace ID no funciona en el iPhone 12 mini? Face ID es un m\u00e9todo para autenticar su identidad en un iPhone o iPad.\" \/>\n<meta name=\"robots\" content=\"index, follow, max-snippet:-1, max-image-preview:large, max-video-preview:-1\" \/>\n<link rel=\"canonical\" href=\"https:\/\/reparacionmovil.es\/blog\/face-id-no-funciona-en-el-iphone-12-mini\/\" \/>\n<meta property=\"og:locale\" content=\"es_ES\" \/>\n<meta property=\"og:type\" content=\"article\" \/>\n<meta property=\"og:title\" content=\"\u00bfFace ID no funciona en el iPhone 12 mini? | Reparaci\u00f3n M\u00f3vil\" \/>\n<meta property=\"og:description\" content=\"\u00bfFace ID no funciona en el iPhone 12 mini? Face ID es un m\u00e9todo para autenticar su identidad en un iPhone o iPad.\" \/>\n<meta property=\"og:url\" content=\"https:\/\/reparacionmovil.es\/blog\/face-id-no-funciona-en-el-iphone-12-mini\/\" \/>\n<meta property=\"og:site_name\" content=\"Reparaci\u00f3n M\u00f3vil\" \/>\n<meta property=\"article:publisher\" content=\"https:\/\/www.facebook.com\/Reparaci%c3%b3n-M%c3%b3vil-299245680784157\" \/>\n<meta property=\"article:published_time\" content=\"2025-04-01T18:23:22+00:00\" \/>\n<meta property=\"og:image\" content=\"https:\/\/reparacionmovil.es\/blog\/wp-content\/uploads\/2021\/05\/face-id-iphone.jpg\" \/>\n\t<meta property=\"og:image:width\" content=\"560\" \/>\n\t<meta property=\"og:image:height\" content=\"416\" \/>\n\t<meta property=\"og:image:type\" content=\"image\/jpeg\" \/>\n<meta name=\"author\" content=\"Vanesa\" \/>\n<meta name=\"twitter:card\" content=\"summary_large_image\" \/>\n<meta name=\"twitter:label1\" content=\"Escrito por\" \/>\n\t<meta name=\"twitter:data1\" content=\"Vanesa\" \/>\n\t<meta name=\"twitter:label2\" content=\"Tiempo de lectura\" \/>\n\t<meta name=\"twitter:data2\" content=\"4 minutos\" \/>\n<script type=\"application\/ld+json\" class=\"yoast-schema-graph\">{\"@context\":\"https:\/\/schema.org\",\"@graph\":[{\"@type\":\"WebPage\",\"@id\":\"https:\/\/reparacionmovil.es\/blog\/face-id-no-funciona-en-el-iphone-12-mini\/\",\"url\":\"https:\/\/reparacionmovil.es\/blog\/face-id-no-funciona-en-el-iphone-12-mini\/\",\"name\":\"\u00bfFace ID no funciona en el iPhone 12 mini? | Reparaci\u00f3n M\u00f3vil\",\"isPartOf\":{\"@id\":\"https:\/\/reparacionmovil.es\/blog\/#website\"},\"datePublished\":\"2025-04-01T18:23:22+00:00\",\"dateModified\":\"2025-04-01T18:23:22+00:00\",\"author\":{\"@id\":\"https:\/\/reparacionmovil.es\/blog\/#\/schema\/person\/0025d1c8c6c1e84e15dbb1fa25df795e\"},\"description\":\"\u00bfFace ID no funciona en el iPhone 12 mini? Face ID es un m\u00e9todo para autenticar su identidad en un iPhone o iPad.\",\"breadcrumb\":{\"@id\":\"https:\/\/reparacionmovil.es\/blog\/face-id-no-funciona-en-el-iphone-12-mini\/#breadcrumb\"},\"inLanguage\":\"es\",\"potentialAction\":[{\"@type\":\"ReadAction\",\"target\":[\"https:\/\/reparacionmovil.es\/blog\/face-id-no-funciona-en-el-iphone-12-mini\/\"]}]},{\"@type\":\"BreadcrumbList\",\"@id\":\"https:\/\/reparacionmovil.es\/blog\/face-id-no-funciona-en-el-iphone-12-mini\/#breadcrumb\",\"itemListElement\":[{\"@type\":\"ListItem\",\"position\":1,\"name\":\"Portada\",\"item\":\"https:\/\/reparacionmovil.es\/blog\/\"},{\"@type\":\"ListItem\",\"position\":2,\"name\":\"\u00bfFace ID no funciona en el iPhone 12 mini?\"}]},{\"@type\":\"WebSite\",\"@id\":\"https:\/\/reparacionmovil.es\/blog\/#website\",\"url\":\"https:\/\/reparacionmovil.es\/blog\/\",\"name\":\"Reparaci\u00f3n M\u00f3vil\",\"description\":\"Info, Novedades y Consejos para T\u00e9lefono M\u00f3viles\",\"potentialAction\":[{\"@type\":\"SearchAction\",\"target\":{\"@type\":\"EntryPoint\",\"urlTemplate\":\"https:\/\/reparacionmovil.es\/blog\/?s={search_term_string}\"},\"query-input\":\"required name=search_term_string\"}],\"inLanguage\":\"es\"},{\"@type\":\"Person\",\"@id\":\"https:\/\/reparacionmovil.es\/blog\/#\/schema\/person\/0025d1c8c6c1e84e15dbb1fa25df795e\",\"name\":\"Vanesa\",\"image\":{\"@type\":\"ImageObject\",\"inLanguage\":\"es\",\"@id\":\"https:\/\/reparacionmovil.es\/blog\/#\/schema\/person\/image\/\",\"url\":\"https:\/\/secure.gravatar.com\/avatar\/ee265eb0063318c308c04d78d19df9e009f02feea93cd72838a5c405f8577549?s=96&d=mm&r=g\",\"contentUrl\":\"https:\/\/secure.gravatar.com\/avatar\/ee265eb0063318c308c04d78d19df9e009f02feea93cd72838a5c405f8577549?s=96&d=mm&r=g\",\"caption\":\"Vanesa\"},\"sameAs\":[\"http:\/\/reparacionmovil.es\/blog\"]}]}<\/script>\n<!-- \/ Yoast SEO plugin. -->","yoast_head_json":{"title":"\u00bfFace ID no funciona en el iPhone 12 mini? | Reparaci\u00f3n M\u00f3vil","description":"\u00bfFace ID no funciona en el iPhone 12 mini? Face ID es un m\u00e9todo para autenticar su identidad en un iPhone o iPad.","robots":{"index":"index","follow":"follow","max-snippet":"max-snippet:-1","max-image-preview":"max-image-preview:large","max-video-preview":"max-video-preview:-1"},"canonical":"https:\/\/reparacionmovil.es\/blog\/face-id-no-funciona-en-el-iphone-12-mini\/","og_locale":"es_ES","og_type":"article","og_title":"\u00bfFace ID no funciona en el iPhone 12 mini? | Reparaci\u00f3n M\u00f3vil","og_description":"\u00bfFace ID no funciona en el iPhone 12 mini? Face ID es un m\u00e9todo para autenticar su identidad en un iPhone o iPad.","og_url":"https:\/\/reparacionmovil.es\/blog\/face-id-no-funciona-en-el-iphone-12-mini\/","og_site_name":"Reparaci\u00f3n M\u00f3vil","article_publisher":"https:\/\/www.facebook.com\/Reparaci%c3%b3n-M%c3%b3vil-299245680784157","article_published_time":"2025-04-01T18:23:22+00:00","og_image":[{"width":560,"height":416,"url":"https:\/\/reparacionmovil.es\/blog\/wp-content\/uploads\/2021\/05\/face-id-iphone.jpg","type":"image\/jpeg"}],"author":"Vanesa","twitter_card":"summary_large_image","twitter_misc":{"Escrito por":"Vanesa","Tiempo de lectura":"4 minutos"},"schema":{"@context":"https:\/\/schema.org","@graph":[{"@type":"WebPage","@id":"https:\/\/reparacionmovil.es\/blog\/face-id-no-funciona-en-el-iphone-12-mini\/","url":"https:\/\/reparacionmovil.es\/blog\/face-id-no-funciona-en-el-iphone-12-mini\/","name":"\u00bfFace ID no funciona en el iPhone 12 mini? | Reparaci\u00f3n M\u00f3vil","isPartOf":{"@id":"https:\/\/reparacionmovil.es\/blog\/#website"},"datePublished":"2025-04-01T18:23:22+00:00","dateModified":"2025-04-01T18:23:22+00:00","author":{"@id":"https:\/\/reparacionmovil.es\/blog\/#\/schema\/person\/0025d1c8c6c1e84e15dbb1fa25df795e"},"description":"\u00bfFace ID no funciona en el iPhone 12 mini? Face ID es un m\u00e9todo para autenticar su identidad en un iPhone o iPad.","breadcrumb":{"@id":"https:\/\/reparacionmovil.es\/blog\/face-id-no-funciona-en-el-iphone-12-mini\/#breadcrumb"},"inLanguage":"es","potentialAction":[{"@type":"ReadAction","target":["https:\/\/reparacionmovil.es\/blog\/face-id-no-funciona-en-el-iphone-12-mini\/"]}]},{"@type":"BreadcrumbList","@id":"https:\/\/reparacionmovil.es\/blog\/face-id-no-funciona-en-el-iphone-12-mini\/#breadcrumb","itemListElement":[{"@type":"ListItem","position":1,"name":"Portada","item":"https:\/\/reparacionmovil.es\/blog\/"},{"@type":"ListItem","position":2,"name":"\u00bfFace ID no funciona en el iPhone 12 mini?"}]},{"@type":"WebSite","@id":"https:\/\/reparacionmovil.es\/blog\/#website","url":"https:\/\/reparacionmovil.es\/blog\/","name":"Reparaci\u00f3n M\u00f3vil","description":"Info, Novedades y Consejos para T\u00e9lefono M\u00f3viles","potentialAction":[{"@type":"SearchAction","target":{"@type":"EntryPoint","urlTemplate":"https:\/\/reparacionmovil.es\/blog\/?s={search_term_string}"},"query-input":"required name=search_term_string"}],"inLanguage":"es"},{"@type":"Person","@id":"https:\/\/reparacionmovil.es\/blog\/#\/schema\/person\/0025d1c8c6c1e84e15dbb1fa25df795e","name":"Vanesa","image":{"@type":"ImageObject","inLanguage":"es","@id":"https:\/\/reparacionmovil.es\/blog\/#\/schema\/person\/image\/","url":"https:\/\/secure.gravatar.com\/avatar\/ee265eb0063318c308c04d78d19df9e009f02feea93cd72838a5c405f8577549?s=96&d=mm&r=g","contentUrl":"https:\/\/secure.gravatar.com\/avatar\/ee265eb0063318c308c04d78d19df9e009f02feea93cd72838a5c405f8577549?s=96&d=mm&r=g","caption":"Vanesa"},"sameAs":["http:\/\/reparacionmovil.es\/blog"]}]}},"_links":{"self":[{"href":"https:\/\/reparacionmovil.es\/blog\/wp-json\/wp\/v2\/posts\/727","targetHints":{"allow":["GET"]}}],"collection":[{"href":"https:\/\/reparacionmovil.es\/blog\/wp-json\/wp\/v2\/posts"}],"about":[{"href":"https:\/\/reparacionmovil.es\/blog\/wp-json\/wp\/v2\/types\/post"}],"author":[{"embeddable":true,"href":"https:\/\/reparacionmovil.es\/blog\/wp-json\/wp\/v2\/users\/1"}],"replies":[{"embeddable":true,"href":"https:\/\/reparacionmovil.es\/blog\/wp-json\/wp\/v2\/comments?post=727"}],"version-history":[{"count":2,"href":"https:\/\/reparacionmovil.es\/blog\/wp-json\/wp\/v2\/posts\/727\/revisions"}],"predecessor-version":[{"id":730,"href":"https:\/\/reparacionmovil.es\/blog\/wp-json\/wp\/v2\/posts\/727\/revisions\/730"}],"wp:featuredmedia":[{"embeddable":true,"href":"https:\/\/reparacionmovil.es\/blog\/wp-json\/wp\/v2\/media\/728"}],"wp:attachment":[{"href":"https:\/\/reparacionmovil.es\/blog\/wp-json\/wp\/v2\/media?parent=727"}],"wp:term":[{"taxonomy":"category","embeddable":true,"href":"https:\/\/reparacionmovil.es\/blog\/wp-json\/wp\/v2\/categories?post=727"},{"taxonomy":"post_tag","embeddable":true,"href":"https:\/\/reparacionmovil.es\/blog\/wp-json\/wp\/v2\/tags?post=727"}],"curies":[{"name":"wp","href":"https:\/\/api.w.org\/{rel}","templated":true}]}}