{"id":737,"date":"2025-04-01T18:23:22","date_gmt":"2025-04-01T18:23:22","guid":{"rendered":"https:\/\/reparacionmovil.es\/blog\/?p=737"},"modified":"2025-04-01T18:23:22","modified_gmt":"2025-04-01T18:23:22","slug":"iphone-11-no-carga","status":"publish","type":"post","link":"https:\/\/reparacionmovil.es\/blog\/iphone-11-no-carga\/","title":{"rendered":"iPhone 11 no carga?"},"content":{"rendered":"<h2>Pruebe con una fuente de Carga diferente<\/h2>\n<p>Es totalmente posible que su iPhone o cargador no sea en realidad el problema en absoluto, sino m\u00e1s bien la toma de corriente desde la que est\u00e1 tratando de cargar. Si est\u00e1 intentando cargar desde la pared, pruebe con otro enchufe o cargue directamente desde su PC. Si est\u00e1 cargando desde un puerto USB en su PC, cambie a otro puerto o intente usar un adaptador de pared. Si tu iPhone 11 comienza a cargarse cuando cambias las fuentes de energ\u00eda, has encontrado el problema y es posible que debas buscar la posibilidad de contratar a un electricista o reparar tu computadora.<\/p>\n<h3>Verifique el cable de carga<\/h3>\n<p>Hay dos componentes que debe verificar antes de comenzar a reiniciar los dispositivos e intentar arreglar los enchufes USB: el adaptador de pared y el cable de carga. El cable de carga es, con mucho, el problema de carga m\u00e1s com\u00fan, lo cual tiene sentido: soportan mucho desenvolvimiento y reenv\u00edo, flexi\u00f3n y personas que intentan enchufarlos en \u00e1ngulos extra\u00f1os. Todas estas cosas pueden da\u00f1ar el cable.<\/p>\n<p>Lo m\u00e1s probable es que tenga algunos cables de carga por ah\u00ed, as\u00ed que intente cambiar el cable por otro para ver si eso ayuda. Si no tiene otro cable para probar, es posible que desee pedir prestado uno antes de pasar a un paso m\u00e1s dr\u00e1stico.<\/p>\n<h4>Apaga tu iPhone<\/h4>\n<p>Si est\u00e1 jugando un juego con muchos gr\u00e1ficos mientras intenta cargar su iPhone, es posible que su iPhone est\u00e9 consumiendo energ\u00eda m\u00e1s r\u00e1pido de lo que la obtiene, lo que hace que parezca que en realidad no se est\u00e1 cargando. Si apaga su iPhone mientras se est\u00e1 cargando (o al menos apaga la pantalla), hay pocas posibilidades de que est\u00e9 consumiendo energ\u00eda demasiado r\u00e1pido. Incluso simplemente cambiar al modo avi\u00f3n podr\u00eda acelerar considerablemente el tiempo de carga.<\/p>\n<h5>Reemplace la bater\u00eda.<\/h5>\n<p>Si ha llegado a un punto en el que la bater\u00eda se est\u00e1 agotando, podr\u00eda ser el momento de pensar en comprar un nuevo iPhone. Si esa no es una opci\u00f3n, reemplazar la bater\u00eda puede ayudar.<\/p>\n","protected":false},"excerpt":{"rendered":"<p>Pruebe con una fuente de Carga diferente Es totalmente posible que su iPhone o cargador no sea en realidad el problema en absoluto, sino m\u00e1s bien la toma de corriente desde la que est\u00e1 tratando de cargar. Si est\u00e1 intentando cargar desde la pared, pruebe con otro enchufe o cargue directamente desde su PC. Si [&hellip;]<\/p>\n","protected":false},"author":1,"featured_media":738,"comment_status":"open","ping_status":"open","sticky":false,"template":"","format":"standard","meta":{"footnotes":""},"categories":[2],"tags":[],"class_list":["post-737","post","type-post","status-publish","format-standard","has-post-thumbnail","hentry","category-moviles"],"yoast_head":"<!-- This site is optimized with the Yoast SEO plugin v20.4 - https:\/\/yoast.com\/wordpress\/plugins\/seo\/ -->\n<title>iPhone 11 no carga? | Reparaci\u00f3n M\u00f3vil<\/title>\n<meta name=\"description\" content=\"iPhone 11 no carga? Es totalmente posible que su iPhone o cargador no sea en realidad el problema en absoluto,\" \/>\n<meta name=\"robots\" content=\"index, follow, max-snippet:-1, max-image-preview:large, max-video-preview:-1\" \/>\n<link rel=\"canonical\" href=\"https:\/\/reparacionmovil.es\/blog\/iphone-11-no-carga\/\" \/>\n<meta property=\"og:locale\" content=\"es_ES\" \/>\n<meta property=\"og:type\" content=\"article\" \/>\n<meta property=\"og:title\" content=\"iPhone 11 no carga? | Reparaci\u00f3n M\u00f3vil\" \/>\n<meta property=\"og:description\" content=\"iPhone 11 no carga? Es totalmente posible que su iPhone o cargador no sea en realidad el problema en absoluto,\" \/>\n<meta property=\"og:url\" content=\"https:\/\/reparacionmovil.es\/blog\/iphone-11-no-carga\/\" \/>\n<meta property=\"og:site_name\" content=\"Reparaci\u00f3n M\u00f3vil\" \/>\n<meta property=\"article:publisher\" content=\"https:\/\/www.facebook.com\/Reparaci%c3%b3n-M%c3%b3vil-299245680784157\" \/>\n<meta property=\"article:published_time\" content=\"2025-04-01T18:23:22+00:00\" \/>\n<meta property=\"og:image\" content=\"https:\/\/reparacionmovil.es\/blog\/wp-content\/uploads\/2021\/05\/11-iphone.jpg\" \/>\n\t<meta property=\"og:image:width\" content=\"560\" \/>\n\t<meta property=\"og:image:height\" content=\"416\" \/>\n\t<meta property=\"og:image:type\" content=\"image\/jpeg\" \/>\n<meta name=\"author\" content=\"Vanesa\" \/>\n<meta name=\"twitter:card\" content=\"summary_large_image\" \/>\n<meta name=\"twitter:label1\" content=\"Escrito por\" \/>\n\t<meta name=\"twitter:data1\" content=\"Vanesa\" \/>\n\t<meta name=\"twitter:label2\" content=\"Tiempo de lectura\" \/>\n\t<meta name=\"twitter:data2\" content=\"2 minutos\" \/>\n<script type=\"application\/ld+json\" class=\"yoast-schema-graph\">{\"@context\":\"https:\/\/schema.org\",\"@graph\":[{\"@type\":\"WebPage\",\"@id\":\"https:\/\/reparacionmovil.es\/blog\/iphone-11-no-carga\/\",\"url\":\"https:\/\/reparacionmovil.es\/blog\/iphone-11-no-carga\/\",\"name\":\"iPhone 11 no carga? | Reparaci\u00f3n M\u00f3vil\",\"isPartOf\":{\"@id\":\"https:\/\/reparacionmovil.es\/blog\/#website\"},\"datePublished\":\"2025-04-01T18:23:22+00:00\",\"dateModified\":\"2025-04-01T18:23:22+00:00\",\"author\":{\"@id\":\"https:\/\/reparacionmovil.es\/blog\/#\/schema\/person\/0025d1c8c6c1e84e15dbb1fa25df795e\"},\"description\":\"iPhone 11 no carga? Es totalmente posible que su iPhone o cargador no sea en realidad el problema en absoluto,\",\"breadcrumb\":{\"@id\":\"https:\/\/reparacionmovil.es\/blog\/iphone-11-no-carga\/#breadcrumb\"},\"inLanguage\":\"es\",\"potentialAction\":[{\"@type\":\"ReadAction\",\"target\":[\"https:\/\/reparacionmovil.es\/blog\/iphone-11-no-carga\/\"]}]},{\"@type\":\"BreadcrumbList\",\"@id\":\"https:\/\/reparacionmovil.es\/blog\/iphone-11-no-carga\/#breadcrumb\",\"itemListElement\":[{\"@type\":\"ListItem\",\"position\":1,\"name\":\"Portada\",\"item\":\"https:\/\/reparacionmovil.es\/blog\/\"},{\"@type\":\"ListItem\",\"position\":2,\"name\":\"iPhone 11 no carga?\"}]},{\"@type\":\"WebSite\",\"@id\":\"https:\/\/reparacionmovil.es\/blog\/#website\",\"url\":\"https:\/\/reparacionmovil.es\/blog\/\",\"name\":\"Reparaci\u00f3n M\u00f3vil\",\"description\":\"Info, Novedades y Consejos para T\u00e9lefono M\u00f3viles\",\"potentialAction\":[{\"@type\":\"SearchAction\",\"target\":{\"@type\":\"EntryPoint\",\"urlTemplate\":\"https:\/\/reparacionmovil.es\/blog\/?s={search_term_string}\"},\"query-input\":\"required name=search_term_string\"}],\"inLanguage\":\"es\"},{\"@type\":\"Person\",\"@id\":\"https:\/\/reparacionmovil.es\/blog\/#\/schema\/person\/0025d1c8c6c1e84e15dbb1fa25df795e\",\"name\":\"Vanesa\",\"image\":{\"@type\":\"ImageObject\",\"inLanguage\":\"es\",\"@id\":\"https:\/\/reparacionmovil.es\/blog\/#\/schema\/person\/image\/\",\"url\":\"https:\/\/secure.gravatar.com\/avatar\/ee265eb0063318c308c04d78d19df9e009f02feea93cd72838a5c405f8577549?s=96&d=mm&r=g\",\"contentUrl\":\"https:\/\/secure.gravatar.com\/avatar\/ee265eb0063318c308c04d78d19df9e009f02feea93cd72838a5c405f8577549?s=96&d=mm&r=g\",\"caption\":\"Vanesa\"},\"sameAs\":[\"http:\/\/reparacionmovil.es\/blog\"]}]}<\/script>\n<!-- \/ Yoast SEO plugin. -->","yoast_head_json":{"title":"iPhone 11 no carga? | Reparaci\u00f3n M\u00f3vil","description":"iPhone 11 no carga? Es totalmente posible que su iPhone o cargador no sea en realidad el problema en absoluto,","robots":{"index":"index","follow":"follow","max-snippet":"max-snippet:-1","max-image-preview":"max-image-preview:large","max-video-preview":"max-video-preview:-1"},"canonical":"https:\/\/reparacionmovil.es\/blog\/iphone-11-no-carga\/","og_locale":"es_ES","og_type":"article","og_title":"iPhone 11 no carga? | Reparaci\u00f3n M\u00f3vil","og_description":"iPhone 11 no carga? Es totalmente posible que su iPhone o cargador no sea en realidad el problema en absoluto,","og_url":"https:\/\/reparacionmovil.es\/blog\/iphone-11-no-carga\/","og_site_name":"Reparaci\u00f3n M\u00f3vil","article_publisher":"https:\/\/www.facebook.com\/Reparaci%c3%b3n-M%c3%b3vil-299245680784157","article_published_time":"2025-04-01T18:23:22+00:00","og_image":[{"width":560,"height":416,"url":"https:\/\/reparacionmovil.es\/blog\/wp-content\/uploads\/2021\/05\/11-iphone.jpg","type":"image\/jpeg"}],"author":"Vanesa","twitter_card":"summary_large_image","twitter_misc":{"Escrito por":"Vanesa","Tiempo de lectura":"2 minutos"},"schema":{"@context":"https:\/\/schema.org","@graph":[{"@type":"WebPage","@id":"https:\/\/reparacionmovil.es\/blog\/iphone-11-no-carga\/","url":"https:\/\/reparacionmovil.es\/blog\/iphone-11-no-carga\/","name":"iPhone 11 no carga? | Reparaci\u00f3n M\u00f3vil","isPartOf":{"@id":"https:\/\/reparacionmovil.es\/blog\/#website"},"datePublished":"2025-04-01T18:23:22+00:00","dateModified":"2025-04-01T18:23:22+00:00","author":{"@id":"https:\/\/reparacionmovil.es\/blog\/#\/schema\/person\/0025d1c8c6c1e84e15dbb1fa25df795e"},"description":"iPhone 11 no carga? Es totalmente posible que su iPhone o cargador no sea en realidad el problema en absoluto,","breadcrumb":{"@id":"https:\/\/reparacionmovil.es\/blog\/iphone-11-no-carga\/#breadcrumb"},"inLanguage":"es","potentialAction":[{"@type":"ReadAction","target":["https:\/\/reparacionmovil.es\/blog\/iphone-11-no-carga\/"]}]},{"@type":"BreadcrumbList","@id":"https:\/\/reparacionmovil.es\/blog\/iphone-11-no-carga\/#breadcrumb","itemListElement":[{"@type":"ListItem","position":1,"name":"Portada","item":"https:\/\/reparacionmovil.es\/blog\/"},{"@type":"ListItem","position":2,"name":"iPhone 11 no carga?"}]},{"@type":"WebSite","@id":"https:\/\/reparacionmovil.es\/blog\/#website","url":"https:\/\/reparacionmovil.es\/blog\/","name":"Reparaci\u00f3n M\u00f3vil","description":"Info, Novedades y Consejos para T\u00e9lefono M\u00f3viles","potentialAction":[{"@type":"SearchAction","target":{"@type":"EntryPoint","urlTemplate":"https:\/\/reparacionmovil.es\/blog\/?s={search_term_string}"},"query-input":"required name=search_term_string"}],"inLanguage":"es"},{"@type":"Person","@id":"https:\/\/reparacionmovil.es\/blog\/#\/schema\/person\/0025d1c8c6c1e84e15dbb1fa25df795e","name":"Vanesa","image":{"@type":"ImageObject","inLanguage":"es","@id":"https:\/\/reparacionmovil.es\/blog\/#\/schema\/person\/image\/","url":"https:\/\/secure.gravatar.com\/avatar\/ee265eb0063318c308c04d78d19df9e009f02feea93cd72838a5c405f8577549?s=96&d=mm&r=g","contentUrl":"https:\/\/secure.gravatar.com\/avatar\/ee265eb0063318c308c04d78d19df9e009f02feea93cd72838a5c405f8577549?s=96&d=mm&r=g","caption":"Vanesa"},"sameAs":["http:\/\/reparacionmovil.es\/blog"]}]}},"_links":{"self":[{"href":"https:\/\/reparacionmovil.es\/blog\/wp-json\/wp\/v2\/posts\/737","targetHints":{"allow":["GET"]}}],"collection":[{"href":"https:\/\/reparacionmovil.es\/blog\/wp-json\/wp\/v2\/posts"}],"about":[{"href":"https:\/\/reparacionmovil.es\/blog\/wp-json\/wp\/v2\/types\/post"}],"author":[{"embeddable":true,"href":"https:\/\/reparacionmovil.es\/blog\/wp-json\/wp\/v2\/users\/1"}],"replies":[{"embeddable":true,"href":"https:\/\/reparacionmovil.es\/blog\/wp-json\/wp\/v2\/comments?post=737"}],"version-history":[{"count":1,"href":"https:\/\/reparacionmovil.es\/blog\/wp-json\/wp\/v2\/posts\/737\/revisions"}],"predecessor-version":[{"id":739,"href":"https:\/\/reparacionmovil.es\/blog\/wp-json\/wp\/v2\/posts\/737\/revisions\/739"}],"wp:featuredmedia":[{"embeddable":true,"href":"https:\/\/reparacionmovil.es\/blog\/wp-json\/wp\/v2\/media\/738"}],"wp:attachment":[{"href":"https:\/\/reparacionmovil.es\/blog\/wp-json\/wp\/v2\/media?parent=737"}],"wp:term":[{"taxonomy":"category","embeddable":true,"href":"https:\/\/reparacionmovil.es\/blog\/wp-json\/wp\/v2\/categories?post=737"},{"taxonomy":"post_tag","embeddable":true,"href":"https:\/\/reparacionmovil.es\/blog\/wp-json\/wp\/v2\/tags?post=737"}],"curies":[{"name":"wp","href":"https:\/\/api.w.org\/{rel}","templated":true}]}}