{"id":814,"date":"2025-04-01T18:23:22","date_gmt":"2025-04-01T18:23:22","guid":{"rendered":"https:\/\/reparacionmovil.es\/blog\/?p=814"},"modified":"2025-04-01T18:23:22","modified_gmt":"2025-04-01T18:23:22","slug":"iphone-12-pro-max-se-calienta-2","status":"publish","type":"post","link":"https:\/\/reparacionmovil.es\/blog\/iphone-12-pro-max-se-calienta-2\/","title":{"rendered":"iPhone 12 Pro Max se calienta?"},"content":{"rendered":"<p>Por favor, no pongas tu iPhone en la nevera o el congelador. Retire el estuche (si tiene uno) y mant\u00e9ngalo alejado de la luz solar directa, luego simplemente espere y deber\u00eda enfriarse. Puede ser una buena idea activar el modo avi\u00f3n mientras espera que se enfr\u00ede demasiado<\/p>\n<p>Alternativamente, puede encontrar que su iPhone 12 Pro Max se calienta con frecuencia, aunque no le da el mensaje de advertencia mencionado anteriormente.<\/p>\n<p>Esto le sucede a muchos dispositivos electr\u00f3nicos a lo largo del tiempo, desde tel\u00e9fonos hasta computadoras port\u00e1tiles y consolas de juegos. Rara vez hay una soluci\u00f3n r\u00e1pida, ya que los problemas suelen estar relacionados con el hardware, por ejemplo, un procesador o una bater\u00eda obsoletos. Pero estas son algunas de las cosas que puede hacer para aliviar el problema.<\/p>\n<h2>Qu\u00edtese la carcasa:<\/h2>\n<p>cuanta m\u00e1s superficie est\u00e9 expuesta del iPhone, m\u00e1s f\u00e1cil le resultar\u00e1 regular su temperatura.<br \/>\nInspeccione los orificios: elimine la suciedad, las pelusas o los desechos del punto de carga o del conector para auriculares.<br \/>\nDeshabilite Bluetooth y la actualizaci\u00f3n de la aplicaci\u00f3n en segundo plano: cuantas menos tareas tenga que administrar su procesador, m\u00e1s fresco permanecer\u00e1<br \/>\nT\u00f3mese un descanso de los juegos: es triste decirlo, pero es posible que tenga que estacionar sus juegos m\u00f3viles mientras tanto, especialmente si juega juegos de RA o con gr\u00e1ficos intensivos, como Pokemon Go.<br \/>\nDesactivar la configuraci\u00f3n de ubicaci\u00f3n: esto evitar\u00e1 que las aplicaciones accedan a las redes Bluetooth, GPS o Wifi para determinar su ubicaci\u00f3n. A menudo, es mejor poner las aplicaciones en la configuraci\u00f3n \u00abMientras se usa\u00bb, para que no pierda la funcionalidad cuando realmente est\u00e9 usando la aplicaci\u00f3n.<br \/>\nCargue su iPhone solo cuando est\u00e9 fr\u00edo: cargar la bater\u00eda hace que se caliente, y cargarla mientras est\u00e1 caliente solo agrava el problema.<br \/>\nSi su iPhone 12 Pro Max a\u00fan se est\u00e1 calentando demasiado, lo mejor que puede hacer es llevarlo a una Apple Store y obtener un diagn\u00f3stico en el dispositivo o simplemente comprar uno nuevo.<\/p>\n","protected":false},"excerpt":{"rendered":"<p>Por favor, no pongas tu iPhone en la nevera o el congelador. Retire el estuche (si tiene uno) y mant\u00e9ngalo alejado de la luz solar directa, luego simplemente espere y deber\u00eda enfriarse. Puede ser una buena idea activar el modo avi\u00f3n mientras espera que se enfr\u00ede demasiado Alternativamente, puede encontrar que su iPhone 12 Pro [&hellip;]<\/p>\n","protected":false},"author":1,"featured_media":732,"comment_status":"open","ping_status":"open","sticky":false,"template":"","format":"standard","meta":{"footnotes":""},"categories":[2],"tags":[],"class_list":["post-814","post","type-post","status-publish","format-standard","has-post-thumbnail","hentry","category-moviles"],"yoast_head":"<!-- This site is optimized with the Yoast SEO plugin v20.4 - https:\/\/yoast.com\/wordpress\/plugins\/seo\/ -->\n<title>iPhone 12 Pro Max se calienta? | Reparaci\u00f3n M\u00f3vil<\/title>\n<meta name=\"description\" content=\"iPhone 12 Pro Max se calienta? Por favor, no pongas tu iPhone en la nevera o el congelador. Retire el estuche\" \/>\n<meta name=\"robots\" content=\"index, follow, max-snippet:-1, max-image-preview:large, max-video-preview:-1\" \/>\n<link rel=\"canonical\" href=\"https:\/\/reparacionmovil.es\/blog\/iphone-12-pro-max-se-calienta-2\/\" \/>\n<meta property=\"og:locale\" content=\"es_ES\" \/>\n<meta property=\"og:type\" content=\"article\" \/>\n<meta property=\"og:title\" content=\"iPhone 12 Pro Max se calienta? | Reparaci\u00f3n M\u00f3vil\" \/>\n<meta property=\"og:description\" content=\"iPhone 12 Pro Max se calienta? Por favor, no pongas tu iPhone en la nevera o el congelador. Retire el estuche\" \/>\n<meta property=\"og:url\" content=\"https:\/\/reparacionmovil.es\/blog\/iphone-12-pro-max-se-calienta-2\/\" \/>\n<meta property=\"og:site_name\" content=\"Reparaci\u00f3n M\u00f3vil\" \/>\n<meta property=\"article:publisher\" content=\"https:\/\/www.facebook.com\/Reparaci%c3%b3n-M%c3%b3vil-299245680784157\" \/>\n<meta property=\"article:published_time\" content=\"2025-04-01T18:23:22+00:00\" \/>\n<meta property=\"og:image\" content=\"https:\/\/reparacionmovil.es\/blog\/wp-content\/uploads\/2021\/05\/speed-iphone.jpg\" \/>\n\t<meta property=\"og:image:width\" content=\"560\" \/>\n\t<meta property=\"og:image:height\" content=\"416\" \/>\n\t<meta property=\"og:image:type\" content=\"image\/jpeg\" \/>\n<meta name=\"author\" content=\"Vanesa\" \/>\n<meta name=\"twitter:card\" content=\"summary_large_image\" \/>\n<meta name=\"twitter:label1\" content=\"Escrito por\" \/>\n\t<meta name=\"twitter:data1\" content=\"Vanesa\" \/>\n\t<meta name=\"twitter:label2\" content=\"Tiempo de lectura\" \/>\n\t<meta name=\"twitter:data2\" content=\"2 minutos\" \/>\n<script type=\"application\/ld+json\" class=\"yoast-schema-graph\">{\"@context\":\"https:\/\/schema.org\",\"@graph\":[{\"@type\":\"WebPage\",\"@id\":\"https:\/\/reparacionmovil.es\/blog\/iphone-12-pro-max-se-calienta-2\/\",\"url\":\"https:\/\/reparacionmovil.es\/blog\/iphone-12-pro-max-se-calienta-2\/\",\"name\":\"iPhone 12 Pro Max se calienta? | Reparaci\u00f3n M\u00f3vil\",\"isPartOf\":{\"@id\":\"https:\/\/reparacionmovil.es\/blog\/#website\"},\"datePublished\":\"2025-04-01T18:23:22+00:00\",\"dateModified\":\"2025-04-01T18:23:22+00:00\",\"author\":{\"@id\":\"https:\/\/reparacionmovil.es\/blog\/#\/schema\/person\/0025d1c8c6c1e84e15dbb1fa25df795e\"},\"description\":\"iPhone 12 Pro Max se calienta? Por favor, no pongas tu iPhone en la nevera o el congelador. Retire el estuche\",\"breadcrumb\":{\"@id\":\"https:\/\/reparacionmovil.es\/blog\/iphone-12-pro-max-se-calienta-2\/#breadcrumb\"},\"inLanguage\":\"es\",\"potentialAction\":[{\"@type\":\"ReadAction\",\"target\":[\"https:\/\/reparacionmovil.es\/blog\/iphone-12-pro-max-se-calienta-2\/\"]}]},{\"@type\":\"BreadcrumbList\",\"@id\":\"https:\/\/reparacionmovil.es\/blog\/iphone-12-pro-max-se-calienta-2\/#breadcrumb\",\"itemListElement\":[{\"@type\":\"ListItem\",\"position\":1,\"name\":\"Portada\",\"item\":\"https:\/\/reparacionmovil.es\/blog\/\"},{\"@type\":\"ListItem\",\"position\":2,\"name\":\"iPhone 12 Pro Max se calienta?\"}]},{\"@type\":\"WebSite\",\"@id\":\"https:\/\/reparacionmovil.es\/blog\/#website\",\"url\":\"https:\/\/reparacionmovil.es\/blog\/\",\"name\":\"Reparaci\u00f3n M\u00f3vil\",\"description\":\"Info, Novedades y Consejos para T\u00e9lefono M\u00f3viles\",\"potentialAction\":[{\"@type\":\"SearchAction\",\"target\":{\"@type\":\"EntryPoint\",\"urlTemplate\":\"https:\/\/reparacionmovil.es\/blog\/?s={search_term_string}\"},\"query-input\":\"required name=search_term_string\"}],\"inLanguage\":\"es\"},{\"@type\":\"Person\",\"@id\":\"https:\/\/reparacionmovil.es\/blog\/#\/schema\/person\/0025d1c8c6c1e84e15dbb1fa25df795e\",\"name\":\"Vanesa\",\"image\":{\"@type\":\"ImageObject\",\"inLanguage\":\"es\",\"@id\":\"https:\/\/reparacionmovil.es\/blog\/#\/schema\/person\/image\/\",\"url\":\"https:\/\/secure.gravatar.com\/avatar\/ee265eb0063318c308c04d78d19df9e009f02feea93cd72838a5c405f8577549?s=96&d=mm&r=g\",\"contentUrl\":\"https:\/\/secure.gravatar.com\/avatar\/ee265eb0063318c308c04d78d19df9e009f02feea93cd72838a5c405f8577549?s=96&d=mm&r=g\",\"caption\":\"Vanesa\"},\"sameAs\":[\"http:\/\/reparacionmovil.es\/blog\"]}]}<\/script>\n<!-- \/ Yoast SEO plugin. -->","yoast_head_json":{"title":"iPhone 12 Pro Max se calienta? | Reparaci\u00f3n M\u00f3vil","description":"iPhone 12 Pro Max se calienta? Por favor, no pongas tu iPhone en la nevera o el congelador. Retire el estuche","robots":{"index":"index","follow":"follow","max-snippet":"max-snippet:-1","max-image-preview":"max-image-preview:large","max-video-preview":"max-video-preview:-1"},"canonical":"https:\/\/reparacionmovil.es\/blog\/iphone-12-pro-max-se-calienta-2\/","og_locale":"es_ES","og_type":"article","og_title":"iPhone 12 Pro Max se calienta? | Reparaci\u00f3n M\u00f3vil","og_description":"iPhone 12 Pro Max se calienta? Por favor, no pongas tu iPhone en la nevera o el congelador. Retire el estuche","og_url":"https:\/\/reparacionmovil.es\/blog\/iphone-12-pro-max-se-calienta-2\/","og_site_name":"Reparaci\u00f3n M\u00f3vil","article_publisher":"https:\/\/www.facebook.com\/Reparaci%c3%b3n-M%c3%b3vil-299245680784157","article_published_time":"2025-04-01T18:23:22+00:00","og_image":[{"width":560,"height":416,"url":"https:\/\/reparacionmovil.es\/blog\/wp-content\/uploads\/2021\/05\/speed-iphone.jpg","type":"image\/jpeg"}],"author":"Vanesa","twitter_card":"summary_large_image","twitter_misc":{"Escrito por":"Vanesa","Tiempo de lectura":"2 minutos"},"schema":{"@context":"https:\/\/schema.org","@graph":[{"@type":"WebPage","@id":"https:\/\/reparacionmovil.es\/blog\/iphone-12-pro-max-se-calienta-2\/","url":"https:\/\/reparacionmovil.es\/blog\/iphone-12-pro-max-se-calienta-2\/","name":"iPhone 12 Pro Max se calienta? | Reparaci\u00f3n M\u00f3vil","isPartOf":{"@id":"https:\/\/reparacionmovil.es\/blog\/#website"},"datePublished":"2025-04-01T18:23:22+00:00","dateModified":"2025-04-01T18:23:22+00:00","author":{"@id":"https:\/\/reparacionmovil.es\/blog\/#\/schema\/person\/0025d1c8c6c1e84e15dbb1fa25df795e"},"description":"iPhone 12 Pro Max se calienta? Por favor, no pongas tu iPhone en la nevera o el congelador. Retire el estuche","breadcrumb":{"@id":"https:\/\/reparacionmovil.es\/blog\/iphone-12-pro-max-se-calienta-2\/#breadcrumb"},"inLanguage":"es","potentialAction":[{"@type":"ReadAction","target":["https:\/\/reparacionmovil.es\/blog\/iphone-12-pro-max-se-calienta-2\/"]}]},{"@type":"BreadcrumbList","@id":"https:\/\/reparacionmovil.es\/blog\/iphone-12-pro-max-se-calienta-2\/#breadcrumb","itemListElement":[{"@type":"ListItem","position":1,"name":"Portada","item":"https:\/\/reparacionmovil.es\/blog\/"},{"@type":"ListItem","position":2,"name":"iPhone 12 Pro Max se calienta?"}]},{"@type":"WebSite","@id":"https:\/\/reparacionmovil.es\/blog\/#website","url":"https:\/\/reparacionmovil.es\/blog\/","name":"Reparaci\u00f3n M\u00f3vil","description":"Info, Novedades y Consejos para T\u00e9lefono M\u00f3viles","potentialAction":[{"@type":"SearchAction","target":{"@type":"EntryPoint","urlTemplate":"https:\/\/reparacionmovil.es\/blog\/?s={search_term_string}"},"query-input":"required name=search_term_string"}],"inLanguage":"es"},{"@type":"Person","@id":"https:\/\/reparacionmovil.es\/blog\/#\/schema\/person\/0025d1c8c6c1e84e15dbb1fa25df795e","name":"Vanesa","image":{"@type":"ImageObject","inLanguage":"es","@id":"https:\/\/reparacionmovil.es\/blog\/#\/schema\/person\/image\/","url":"https:\/\/secure.gravatar.com\/avatar\/ee265eb0063318c308c04d78d19df9e009f02feea93cd72838a5c405f8577549?s=96&d=mm&r=g","contentUrl":"https:\/\/secure.gravatar.com\/avatar\/ee265eb0063318c308c04d78d19df9e009f02feea93cd72838a5c405f8577549?s=96&d=mm&r=g","caption":"Vanesa"},"sameAs":["http:\/\/reparacionmovil.es\/blog"]}]}},"_links":{"self":[{"href":"https:\/\/reparacionmovil.es\/blog\/wp-json\/wp\/v2\/posts\/814","targetHints":{"allow":["GET"]}}],"collection":[{"href":"https:\/\/reparacionmovil.es\/blog\/wp-json\/wp\/v2\/posts"}],"about":[{"href":"https:\/\/reparacionmovil.es\/blog\/wp-json\/wp\/v2\/types\/post"}],"author":[{"embeddable":true,"href":"https:\/\/reparacionmovil.es\/blog\/wp-json\/wp\/v2\/users\/1"}],"replies":[{"embeddable":true,"href":"https:\/\/reparacionmovil.es\/blog\/wp-json\/wp\/v2\/comments?post=814"}],"version-history":[{"count":1,"href":"https:\/\/reparacionmovil.es\/blog\/wp-json\/wp\/v2\/posts\/814\/revisions"}],"predecessor-version":[{"id":815,"href":"https:\/\/reparacionmovil.es\/blog\/wp-json\/wp\/v2\/posts\/814\/revisions\/815"}],"wp:featuredmedia":[{"embeddable":true,"href":"https:\/\/reparacionmovil.es\/blog\/wp-json\/wp\/v2\/media\/732"}],"wp:attachment":[{"href":"https:\/\/reparacionmovil.es\/blog\/wp-json\/wp\/v2\/media?parent=814"}],"wp:term":[{"taxonomy":"category","embeddable":true,"href":"https:\/\/reparacionmovil.es\/blog\/wp-json\/wp\/v2\/categories?post=814"},{"taxonomy":"post_tag","embeddable":true,"href":"https:\/\/reparacionmovil.es\/blog\/wp-json\/wp\/v2\/tags?post=814"}],"curies":[{"name":"wp","href":"https:\/\/api.w.org\/{rel}","templated":true}]}}