{"id":843,"date":"2021-07-05T18:29:23","date_gmt":"2021-07-05T18:29:23","guid":{"rendered":"https:\/\/reparacionmovil.es\/blog\/?p=843"},"modified":"2021-07-05T18:33:10","modified_gmt":"2021-07-05T18:33:10","slug":"la-bateria-del-ipad-pro-10-5-se-agota-rapidamente","status":"publish","type":"post","link":"https:\/\/reparacionmovil.es\/blog\/la-bateria-del-ipad-pro-10-5-se-agota-rapidamente\/","title":{"rendered":"\u00bfLa bater\u00eda del iPad Pro 10.5 se agota r\u00e1pidamente?"},"content":{"rendered":"<h2>1. Reinicie su iPad<\/h2>\n<p>Reiniciar su dispositivo es el ajuste m\u00e1s f\u00e1cil pero a menudo el m\u00e1s \u00fatil para solucionar el problema de agotamiento de la bater\u00eda del iPad Pro 10.5 r\u00e1pidamente. Darle a su iPad un nuevo comienzo puede solucionar problemas que a menudo no conoc\u00eda.<\/p>\n<h3>2. Verifique el uso de la bater\u00eda<\/h3>\n<p>Cuando usa su iPad Pro 10.5 como de costumbre, pero la bater\u00eda se agota significativamente, es probable que algo vaya mal. Puede verificar yendo a Configuraci\u00f3n -&gt; Bater\u00eda -&gt; Uso de la bater\u00eda -&gt; Mostrar uso detallado para tener una idea clara sobre el uso general de energ\u00eda. Es posible que descubra que el software que no usa mucho es un gran consumidor de energ\u00eda. Elim\u00ednelo, ya que podr\u00eda ser malware.<\/p>\n<h4>3. Restablecer o borrar todas las configuraciones<\/h4>\n<p>Restablecer todo significa borrar todas sus configuraciones sin borrar los datos \/ medios del usuario. Esta opci\u00f3n podr\u00eda ser \u00fatil cuando su iPad Pro 10.5 est\u00e9 experimentando un problema de agotamiento de la bater\u00eda. Si no resuelve el problema, puede ir un paso m\u00e1s all\u00e1: borrar todo el contenido y la configuraci\u00f3n. Es como restaurar tu iPad a la configuraci\u00f3n de f\u00e1brica, lo que puede ser doloroso y llevar mucho tiempo, as\u00ed que si no quieres empezar desde cero, primero haz una copia de seguridad.<\/p>\n<p>Si el problema persiste, haga una cita en <a href=\"https:\/\/reparacionmovil.es\/\">reparacionmovil.es<\/a> y p\u00eddales que prueben la bater\u00eda, ya que es posible que sea necesario <a href=\"https:\/\/reparacionmovil.es\/reparar-ipad-pro-129-4-2020-a2229-a2069-a2232\/cambiar-bateria-ipad-pro-129-4nd-gen.html\">Cambiar bater\u00eda ipad pro<\/a>.<\/p>\n","protected":false},"excerpt":{"rendered":"<p>1. Reinicie su iPad Reiniciar su dispositivo es el ajuste m\u00e1s f\u00e1cil pero a menudo el m\u00e1s \u00fatil para solucionar el problema de agotamiento de la bater\u00eda del iPad Pro 10.5 r\u00e1pidamente. Darle a su iPad un nuevo comienzo puede solucionar problemas que a menudo no conoc\u00eda. 2. Verifique el uso de la bater\u00eda Cuando [&hellip;]<\/p>\n","protected":false},"author":1,"featured_media":844,"comment_status":"open","ping_status":"open","sticky":false,"template":"","format":"standard","meta":{"footnotes":""},"categories":[3],"tags":[],"class_list":["post-843","post","type-post","status-publish","format-standard","has-post-thumbnail","hentry","category-tablet"],"yoast_head":"<!-- This site is optimized with the Yoast SEO plugin v20.4 - https:\/\/yoast.com\/wordpress\/plugins\/seo\/ -->\n<title>\u00bfLa bater\u00eda del iPad Pro 10.5 se agota r\u00e1pidamente? | Reparaci\u00f3n M\u00f3vil<\/title>\n<meta name=\"description\" content=\"\u00bfLa bater\u00eda del iPad Pro 10.5 se agota r\u00e1pidamente? Reiniciar su dispositivo es el ajuste m\u00e1s f\u00e1cil pero a menudo el m\u00e1s \u00fatil para solucionar..\" \/>\n<meta name=\"robots\" content=\"index, follow, max-snippet:-1, max-image-preview:large, max-video-preview:-1\" \/>\n<link rel=\"canonical\" href=\"https:\/\/reparacionmovil.es\/blog\/la-bateria-del-ipad-pro-10-5-se-agota-rapidamente\/\" \/>\n<meta property=\"og:locale\" content=\"es_ES\" \/>\n<meta property=\"og:type\" content=\"article\" \/>\n<meta property=\"og:title\" content=\"\u00bfLa bater\u00eda del iPad Pro 10.5 se agota r\u00e1pidamente? | Reparaci\u00f3n M\u00f3vil\" \/>\n<meta property=\"og:description\" content=\"\u00bfLa bater\u00eda del iPad Pro 10.5 se agota r\u00e1pidamente? Reiniciar su dispositivo es el ajuste m\u00e1s f\u00e1cil pero a menudo el m\u00e1s \u00fatil para solucionar..\" \/>\n<meta property=\"og:url\" content=\"https:\/\/reparacionmovil.es\/blog\/la-bateria-del-ipad-pro-10-5-se-agota-rapidamente\/\" \/>\n<meta property=\"og:site_name\" content=\"Reparaci\u00f3n M\u00f3vil\" \/>\n<meta property=\"article:publisher\" content=\"https:\/\/www.facebook.com\/Reparaci%c3%b3n-M%c3%b3vil-299245680784157\" \/>\n<meta property=\"article:published_time\" content=\"2021-07-05T18:29:23+00:00\" \/>\n<meta property=\"article:modified_time\" content=\"2021-07-05T18:33:10+00:00\" \/>\n<meta property=\"og:image\" content=\"https:\/\/reparacionmovil.es\/blog\/wp-content\/uploads\/2021\/07\/ipad-pro.jpg\" \/>\n\t<meta property=\"og:image:width\" content=\"560\" \/>\n\t<meta property=\"og:image:height\" content=\"416\" \/>\n\t<meta property=\"og:image:type\" content=\"image\/jpeg\" \/>\n<meta name=\"author\" content=\"Vanesa\" \/>\n<meta name=\"twitter:card\" content=\"summary_large_image\" \/>\n<meta name=\"twitter:label1\" content=\"Escrito por\" \/>\n\t<meta name=\"twitter:data1\" content=\"Vanesa\" \/>\n\t<meta name=\"twitter:label2\" content=\"Tiempo de lectura\" \/>\n\t<meta name=\"twitter:data2\" content=\"2 minutos\" \/>\n<script type=\"application\/ld+json\" class=\"yoast-schema-graph\">{\"@context\":\"https:\/\/schema.org\",\"@graph\":[{\"@type\":\"WebPage\",\"@id\":\"https:\/\/reparacionmovil.es\/blog\/la-bateria-del-ipad-pro-10-5-se-agota-rapidamente\/\",\"url\":\"https:\/\/reparacionmovil.es\/blog\/la-bateria-del-ipad-pro-10-5-se-agota-rapidamente\/\",\"name\":\"\u00bfLa bater\u00eda del iPad Pro 10.5 se agota r\u00e1pidamente? | Reparaci\u00f3n M\u00f3vil\",\"isPartOf\":{\"@id\":\"https:\/\/reparacionmovil.es\/blog\/#website\"},\"datePublished\":\"2021-07-05T18:29:23+00:00\",\"dateModified\":\"2021-07-05T18:33:10+00:00\",\"author\":{\"@id\":\"https:\/\/reparacionmovil.es\/blog\/#\/schema\/person\/0025d1c8c6c1e84e15dbb1fa25df795e\"},\"description\":\"\u00bfLa bater\u00eda del iPad Pro 10.5 se agota r\u00e1pidamente? Reiniciar su dispositivo es el ajuste m\u00e1s f\u00e1cil pero a menudo el m\u00e1s \u00fatil para solucionar..\",\"breadcrumb\":{\"@id\":\"https:\/\/reparacionmovil.es\/blog\/la-bateria-del-ipad-pro-10-5-se-agota-rapidamente\/#breadcrumb\"},\"inLanguage\":\"es\",\"potentialAction\":[{\"@type\":\"ReadAction\",\"target\":[\"https:\/\/reparacionmovil.es\/blog\/la-bateria-del-ipad-pro-10-5-se-agota-rapidamente\/\"]}]},{\"@type\":\"BreadcrumbList\",\"@id\":\"https:\/\/reparacionmovil.es\/blog\/la-bateria-del-ipad-pro-10-5-se-agota-rapidamente\/#breadcrumb\",\"itemListElement\":[{\"@type\":\"ListItem\",\"position\":1,\"name\":\"Portada\",\"item\":\"https:\/\/reparacionmovil.es\/blog\/\"},{\"@type\":\"ListItem\",\"position\":2,\"name\":\"\u00bfLa bater\u00eda del iPad Pro 10.5 se agota r\u00e1pidamente?\"}]},{\"@type\":\"WebSite\",\"@id\":\"https:\/\/reparacionmovil.es\/blog\/#website\",\"url\":\"https:\/\/reparacionmovil.es\/blog\/\",\"name\":\"Reparaci\u00f3n M\u00f3vil\",\"description\":\"Info, Novedades y Consejos para T\u00e9lefono M\u00f3viles\",\"potentialAction\":[{\"@type\":\"SearchAction\",\"target\":{\"@type\":\"EntryPoint\",\"urlTemplate\":\"https:\/\/reparacionmovil.es\/blog\/?s={search_term_string}\"},\"query-input\":\"required name=search_term_string\"}],\"inLanguage\":\"es\"},{\"@type\":\"Person\",\"@id\":\"https:\/\/reparacionmovil.es\/blog\/#\/schema\/person\/0025d1c8c6c1e84e15dbb1fa25df795e\",\"name\":\"Vanesa\",\"image\":{\"@type\":\"ImageObject\",\"inLanguage\":\"es\",\"@id\":\"https:\/\/reparacionmovil.es\/blog\/#\/schema\/person\/image\/\",\"url\":\"https:\/\/secure.gravatar.com\/avatar\/ee265eb0063318c308c04d78d19df9e009f02feea93cd72838a5c405f8577549?s=96&d=mm&r=g\",\"contentUrl\":\"https:\/\/secure.gravatar.com\/avatar\/ee265eb0063318c308c04d78d19df9e009f02feea93cd72838a5c405f8577549?s=96&d=mm&r=g\",\"caption\":\"Vanesa\"},\"sameAs\":[\"http:\/\/reparacionmovil.es\/blog\"]}]}<\/script>\n<!-- \/ Yoast SEO plugin. -->","yoast_head_json":{"title":"\u00bfLa bater\u00eda del iPad Pro 10.5 se agota r\u00e1pidamente? | Reparaci\u00f3n M\u00f3vil","description":"\u00bfLa bater\u00eda del iPad Pro 10.5 se agota r\u00e1pidamente? Reiniciar su dispositivo es el ajuste m\u00e1s f\u00e1cil pero a menudo el m\u00e1s \u00fatil para solucionar..","robots":{"index":"index","follow":"follow","max-snippet":"max-snippet:-1","max-image-preview":"max-image-preview:large","max-video-preview":"max-video-preview:-1"},"canonical":"https:\/\/reparacionmovil.es\/blog\/la-bateria-del-ipad-pro-10-5-se-agota-rapidamente\/","og_locale":"es_ES","og_type":"article","og_title":"\u00bfLa bater\u00eda del iPad Pro 10.5 se agota r\u00e1pidamente? | Reparaci\u00f3n M\u00f3vil","og_description":"\u00bfLa bater\u00eda del iPad Pro 10.5 se agota r\u00e1pidamente? Reiniciar su dispositivo es el ajuste m\u00e1s f\u00e1cil pero a menudo el m\u00e1s \u00fatil para solucionar..","og_url":"https:\/\/reparacionmovil.es\/blog\/la-bateria-del-ipad-pro-10-5-se-agota-rapidamente\/","og_site_name":"Reparaci\u00f3n M\u00f3vil","article_publisher":"https:\/\/www.facebook.com\/Reparaci%c3%b3n-M%c3%b3vil-299245680784157","article_published_time":"2021-07-05T18:29:23+00:00","article_modified_time":"2021-07-05T18:33:10+00:00","og_image":[{"width":560,"height":416,"url":"https:\/\/reparacionmovil.es\/blog\/wp-content\/uploads\/2021\/07\/ipad-pro.jpg","type":"image\/jpeg"}],"author":"Vanesa","twitter_card":"summary_large_image","twitter_misc":{"Escrito por":"Vanesa","Tiempo de lectura":"2 minutos"},"schema":{"@context":"https:\/\/schema.org","@graph":[{"@type":"WebPage","@id":"https:\/\/reparacionmovil.es\/blog\/la-bateria-del-ipad-pro-10-5-se-agota-rapidamente\/","url":"https:\/\/reparacionmovil.es\/blog\/la-bateria-del-ipad-pro-10-5-se-agota-rapidamente\/","name":"\u00bfLa bater\u00eda del iPad Pro 10.5 se agota r\u00e1pidamente? | Reparaci\u00f3n M\u00f3vil","isPartOf":{"@id":"https:\/\/reparacionmovil.es\/blog\/#website"},"datePublished":"2021-07-05T18:29:23+00:00","dateModified":"2021-07-05T18:33:10+00:00","author":{"@id":"https:\/\/reparacionmovil.es\/blog\/#\/schema\/person\/0025d1c8c6c1e84e15dbb1fa25df795e"},"description":"\u00bfLa bater\u00eda del iPad Pro 10.5 se agota r\u00e1pidamente? Reiniciar su dispositivo es el ajuste m\u00e1s f\u00e1cil pero a menudo el m\u00e1s \u00fatil para solucionar..","breadcrumb":{"@id":"https:\/\/reparacionmovil.es\/blog\/la-bateria-del-ipad-pro-10-5-se-agota-rapidamente\/#breadcrumb"},"inLanguage":"es","potentialAction":[{"@type":"ReadAction","target":["https:\/\/reparacionmovil.es\/blog\/la-bateria-del-ipad-pro-10-5-se-agota-rapidamente\/"]}]},{"@type":"BreadcrumbList","@id":"https:\/\/reparacionmovil.es\/blog\/la-bateria-del-ipad-pro-10-5-se-agota-rapidamente\/#breadcrumb","itemListElement":[{"@type":"ListItem","position":1,"name":"Portada","item":"https:\/\/reparacionmovil.es\/blog\/"},{"@type":"ListItem","position":2,"name":"\u00bfLa bater\u00eda del iPad Pro 10.5 se agota r\u00e1pidamente?"}]},{"@type":"WebSite","@id":"https:\/\/reparacionmovil.es\/blog\/#website","url":"https:\/\/reparacionmovil.es\/blog\/","name":"Reparaci\u00f3n M\u00f3vil","description":"Info, Novedades y Consejos para T\u00e9lefono M\u00f3viles","potentialAction":[{"@type":"SearchAction","target":{"@type":"EntryPoint","urlTemplate":"https:\/\/reparacionmovil.es\/blog\/?s={search_term_string}"},"query-input":"required name=search_term_string"}],"inLanguage":"es"},{"@type":"Person","@id":"https:\/\/reparacionmovil.es\/blog\/#\/schema\/person\/0025d1c8c6c1e84e15dbb1fa25df795e","name":"Vanesa","image":{"@type":"ImageObject","inLanguage":"es","@id":"https:\/\/reparacionmovil.es\/blog\/#\/schema\/person\/image\/","url":"https:\/\/secure.gravatar.com\/avatar\/ee265eb0063318c308c04d78d19df9e009f02feea93cd72838a5c405f8577549?s=96&d=mm&r=g","contentUrl":"https:\/\/secure.gravatar.com\/avatar\/ee265eb0063318c308c04d78d19df9e009f02feea93cd72838a5c405f8577549?s=96&d=mm&r=g","caption":"Vanesa"},"sameAs":["http:\/\/reparacionmovil.es\/blog"]}]}},"_links":{"self":[{"href":"https:\/\/reparacionmovil.es\/blog\/wp-json\/wp\/v2\/posts\/843","targetHints":{"allow":["GET"]}}],"collection":[{"href":"https:\/\/reparacionmovil.es\/blog\/wp-json\/wp\/v2\/posts"}],"about":[{"href":"https:\/\/reparacionmovil.es\/blog\/wp-json\/wp\/v2\/types\/post"}],"author":[{"embeddable":true,"href":"https:\/\/reparacionmovil.es\/blog\/wp-json\/wp\/v2\/users\/1"}],"replies":[{"embeddable":true,"href":"https:\/\/reparacionmovil.es\/blog\/wp-json\/wp\/v2\/comments?post=843"}],"version-history":[{"count":2,"href":"https:\/\/reparacionmovil.es\/blog\/wp-json\/wp\/v2\/posts\/843\/revisions"}],"predecessor-version":[{"id":846,"href":"https:\/\/reparacionmovil.es\/blog\/wp-json\/wp\/v2\/posts\/843\/revisions\/846"}],"wp:featuredmedia":[{"embeddable":true,"href":"https:\/\/reparacionmovil.es\/blog\/wp-json\/wp\/v2\/media\/844"}],"wp:attachment":[{"href":"https:\/\/reparacionmovil.es\/blog\/wp-json\/wp\/v2\/media?parent=843"}],"wp:term":[{"taxonomy":"category","embeddable":true,"href":"https:\/\/reparacionmovil.es\/blog\/wp-json\/wp\/v2\/categories?post=843"},{"taxonomy":"post_tag","embeddable":true,"href":"https:\/\/reparacionmovil.es\/blog\/wp-json\/wp\/v2\/tags?post=843"}],"curies":[{"name":"wp","href":"https:\/\/api.w.org\/{rel}","templated":true}]}}