{"id":911,"date":"2023-07-17T08:50:46","date_gmt":"2023-07-17T08:50:46","guid":{"rendered":"https:\/\/reparacionmovil.es\/blog\/?p=911"},"modified":"2023-07-17T08:50:46","modified_gmt":"2023-07-17T08:50:46","slug":"samsung-galaxy-s21","status":"publish","type":"post","link":"https:\/\/reparacionmovil.es\/blog\/samsung-galaxy-s21\/","title":{"rendered":"Samsung Galaxy S21"},"content":{"rendered":"<h2>El Galaxy S21 cuenta con un nuevo dise\u00f1o y el \u00faltimo y mejor procesador m\u00f3vil que existe.<\/h2>\n<p>El Galaxy S21 todav\u00eda sirve como el miembro m\u00e1s modesto y asequible de la l\u00ednea Galaxy S de este a\u00f1o, con el dise\u00f1o m\u00e1s compacto y liviano de los tres tel\u00e9fonos, centrado en una pantalla de 6.2 pulgadas (eclipsada por las respectivas 6.7in y 6.8 del S21 + y <strong><a href=\"https:\/\/reparacionmovil.es\/reparar-samsung-galaxy-s21-ultra-5g\">S21 Ultra<\/a>)<\/strong>. en huellas).<\/p>\n<p>El S21 b\u00e1sico viene en cuatro colores en el lanzamiento: Gris, Blanco,\u00a0 Violet y Amario. As\u00ed como\u00a0 Bronze fue el color caracter\u00edstico de la l\u00ednea Note 20 el a\u00f1o pasado, tambi\u00e9n lo es Phantom Violet (como se muestra en la imagen) tanto para el S21 como para el S21 +, este a\u00f1o.<\/p>\n<p>En carne y hueso, el contraste de la parte trasera violeta nacarada del tel\u00e9fono y el marco dorado pulido evoca una sensaci\u00f3n de lujo contempor\u00e1neo l\u00fadico. Sin embargo, si este acabado en particular es demasiado chill\u00f3n para su gusto, el resto de las opciones de color sirven como alternativas m\u00e1s tranquilas que a\u00fan ofrecen m\u00e1s inter\u00e9s y una apariencia m\u00e1s premium en comparaci\u00f3n con el predecesor 2020 del S21.<\/p>\n<p>La configuraci\u00f3n de la triple c\u00e1mara trasera domina la parte trasera plana casi sin caracter\u00edsticas del tel\u00e9fono e implica que los sensores que se encuentran en su interior cuentan con una \u00f3ptica potente, mientras que los bordes redondeados que corren por la parte posterior y fluyen hacia el marco de metal del tel\u00e9fono aseguran que el S21 sea c\u00f3modo de sostener; algo a lo que su tama\u00f1o compacto tambi\u00e9n se presta.<\/p>\n","protected":false},"excerpt":{"rendered":"<p>El Galaxy S21 cuenta con un nuevo dise\u00f1o y el \u00faltimo y mejor procesador m\u00f3vil que existe. El Galaxy S21 todav\u00eda sirve como el miembro m\u00e1s modesto y asequible de la l\u00ednea Galaxy S de este a\u00f1o, con el dise\u00f1o m\u00e1s compacto y liviano de los tres tel\u00e9fonos, centrado en una pantalla de 6.2 pulgadas [&hellip;]<\/p>\n","protected":false},"author":1,"featured_media":912,"comment_status":"open","ping_status":"open","sticky":false,"template":"","format":"standard","meta":{"footnotes":""},"categories":[2],"tags":[],"class_list":["post-911","post","type-post","status-publish","format-standard","has-post-thumbnail","hentry","category-moviles"],"yoast_head":"<!-- This site is optimized with the Yoast SEO plugin v20.4 - https:\/\/yoast.com\/wordpress\/plugins\/seo\/ -->\n<title>Samsung Galaxy S21 | Reparaci\u00f3n M\u00f3vil<\/title>\n<meta name=\"description\" content=\"Samsung Galaxy S21. El Galaxy S21 todav\u00eda sirve como el miembro m\u00e1s modesto y asequible de la l\u00ednea Galaxy S de este a\u00f1o\" \/>\n<meta name=\"robots\" content=\"index, follow, max-snippet:-1, max-image-preview:large, max-video-preview:-1\" \/>\n<link rel=\"canonical\" href=\"https:\/\/reparacionmovil.es\/blog\/samsung-galaxy-s21\/\" \/>\n<meta property=\"og:locale\" content=\"es_ES\" \/>\n<meta property=\"og:type\" content=\"article\" \/>\n<meta property=\"og:title\" content=\"Samsung Galaxy S21 | Reparaci\u00f3n M\u00f3vil\" \/>\n<meta property=\"og:description\" content=\"Samsung Galaxy S21. El Galaxy S21 todav\u00eda sirve como el miembro m\u00e1s modesto y asequible de la l\u00ednea Galaxy S de este a\u00f1o\" \/>\n<meta property=\"og:url\" content=\"https:\/\/reparacionmovil.es\/blog\/samsung-galaxy-s21\/\" \/>\n<meta property=\"og:site_name\" content=\"Reparaci\u00f3n M\u00f3vil\" \/>\n<meta property=\"article:publisher\" content=\"https:\/\/www.facebook.com\/Reparaci%c3%b3n-M%c3%b3vil-299245680784157\" \/>\n<meta property=\"article:published_time\" content=\"2023-07-17T08:50:46+00:00\" \/>\n<meta property=\"og:image\" content=\"https:\/\/reparacionmovil.es\/blog\/wp-content\/uploads\/2021\/08\/samsung-s21-new.jpg\" \/>\n\t<meta property=\"og:image:width\" content=\"560\" \/>\n\t<meta property=\"og:image:height\" content=\"416\" \/>\n\t<meta property=\"og:image:type\" content=\"image\/jpeg\" \/>\n<meta name=\"author\" content=\"Vanesa\" \/>\n<meta name=\"twitter:card\" content=\"summary_large_image\" \/>\n<meta name=\"twitter:label1\" content=\"Escrito por\" \/>\n\t<meta name=\"twitter:data1\" content=\"Vanesa\" \/>\n\t<meta name=\"twitter:label2\" content=\"Tiempo de lectura\" \/>\n\t<meta name=\"twitter:data2\" content=\"2 minutos\" \/>\n<script type=\"application\/ld+json\" class=\"yoast-schema-graph\">{\"@context\":\"https:\/\/schema.org\",\"@graph\":[{\"@type\":\"WebPage\",\"@id\":\"https:\/\/reparacionmovil.es\/blog\/samsung-galaxy-s21\/\",\"url\":\"https:\/\/reparacionmovil.es\/blog\/samsung-galaxy-s21\/\",\"name\":\"Samsung Galaxy S21 | Reparaci\u00f3n M\u00f3vil\",\"isPartOf\":{\"@id\":\"https:\/\/reparacionmovil.es\/blog\/#website\"},\"datePublished\":\"2023-07-17T08:50:46+00:00\",\"dateModified\":\"2023-07-17T08:50:46+00:00\",\"author\":{\"@id\":\"https:\/\/reparacionmovil.es\/blog\/#\/schema\/person\/0025d1c8c6c1e84e15dbb1fa25df795e\"},\"description\":\"Samsung Galaxy S21. El Galaxy S21 todav\u00eda sirve como el miembro m\u00e1s modesto y asequible de la l\u00ednea Galaxy S de este a\u00f1o\",\"breadcrumb\":{\"@id\":\"https:\/\/reparacionmovil.es\/blog\/samsung-galaxy-s21\/#breadcrumb\"},\"inLanguage\":\"es\",\"potentialAction\":[{\"@type\":\"ReadAction\",\"target\":[\"https:\/\/reparacionmovil.es\/blog\/samsung-galaxy-s21\/\"]}]},{\"@type\":\"BreadcrumbList\",\"@id\":\"https:\/\/reparacionmovil.es\/blog\/samsung-galaxy-s21\/#breadcrumb\",\"itemListElement\":[{\"@type\":\"ListItem\",\"position\":1,\"name\":\"Portada\",\"item\":\"https:\/\/reparacionmovil.es\/blog\/\"},{\"@type\":\"ListItem\",\"position\":2,\"name\":\"Samsung Galaxy S21\"}]},{\"@type\":\"WebSite\",\"@id\":\"https:\/\/reparacionmovil.es\/blog\/#website\",\"url\":\"https:\/\/reparacionmovil.es\/blog\/\",\"name\":\"Reparaci\u00f3n M\u00f3vil\",\"description\":\"Info, Novedades y Consejos para T\u00e9lefono M\u00f3viles\",\"potentialAction\":[{\"@type\":\"SearchAction\",\"target\":{\"@type\":\"EntryPoint\",\"urlTemplate\":\"https:\/\/reparacionmovil.es\/blog\/?s={search_term_string}\"},\"query-input\":\"required name=search_term_string\"}],\"inLanguage\":\"es\"},{\"@type\":\"Person\",\"@id\":\"https:\/\/reparacionmovil.es\/blog\/#\/schema\/person\/0025d1c8c6c1e84e15dbb1fa25df795e\",\"name\":\"Vanesa\",\"image\":{\"@type\":\"ImageObject\",\"inLanguage\":\"es\",\"@id\":\"https:\/\/reparacionmovil.es\/blog\/#\/schema\/person\/image\/\",\"url\":\"https:\/\/secure.gravatar.com\/avatar\/ee265eb0063318c308c04d78d19df9e009f02feea93cd72838a5c405f8577549?s=96&d=mm&r=g\",\"contentUrl\":\"https:\/\/secure.gravatar.com\/avatar\/ee265eb0063318c308c04d78d19df9e009f02feea93cd72838a5c405f8577549?s=96&d=mm&r=g\",\"caption\":\"Vanesa\"},\"sameAs\":[\"http:\/\/reparacionmovil.es\/blog\"]}]}<\/script>\n<!-- \/ Yoast SEO plugin. -->","yoast_head_json":{"title":"Samsung Galaxy S21 | Reparaci\u00f3n M\u00f3vil","description":"Samsung Galaxy S21. El Galaxy S21 todav\u00eda sirve como el miembro m\u00e1s modesto y asequible de la l\u00ednea Galaxy S de este a\u00f1o","robots":{"index":"index","follow":"follow","max-snippet":"max-snippet:-1","max-image-preview":"max-image-preview:large","max-video-preview":"max-video-preview:-1"},"canonical":"https:\/\/reparacionmovil.es\/blog\/samsung-galaxy-s21\/","og_locale":"es_ES","og_type":"article","og_title":"Samsung Galaxy S21 | Reparaci\u00f3n M\u00f3vil","og_description":"Samsung Galaxy S21. El Galaxy S21 todav\u00eda sirve como el miembro m\u00e1s modesto y asequible de la l\u00ednea Galaxy S de este a\u00f1o","og_url":"https:\/\/reparacionmovil.es\/blog\/samsung-galaxy-s21\/","og_site_name":"Reparaci\u00f3n M\u00f3vil","article_publisher":"https:\/\/www.facebook.com\/Reparaci%c3%b3n-M%c3%b3vil-299245680784157","article_published_time":"2023-07-17T08:50:46+00:00","og_image":[{"width":560,"height":416,"url":"https:\/\/reparacionmovil.es\/blog\/wp-content\/uploads\/2021\/08\/samsung-s21-new.jpg","type":"image\/jpeg"}],"author":"Vanesa","twitter_card":"summary_large_image","twitter_misc":{"Escrito por":"Vanesa","Tiempo de lectura":"2 minutos"},"schema":{"@context":"https:\/\/schema.org","@graph":[{"@type":"WebPage","@id":"https:\/\/reparacionmovil.es\/blog\/samsung-galaxy-s21\/","url":"https:\/\/reparacionmovil.es\/blog\/samsung-galaxy-s21\/","name":"Samsung Galaxy S21 | Reparaci\u00f3n M\u00f3vil","isPartOf":{"@id":"https:\/\/reparacionmovil.es\/blog\/#website"},"datePublished":"2023-07-17T08:50:46+00:00","dateModified":"2023-07-17T08:50:46+00:00","author":{"@id":"https:\/\/reparacionmovil.es\/blog\/#\/schema\/person\/0025d1c8c6c1e84e15dbb1fa25df795e"},"description":"Samsung Galaxy S21. El Galaxy S21 todav\u00eda sirve como el miembro m\u00e1s modesto y asequible de la l\u00ednea Galaxy S de este a\u00f1o","breadcrumb":{"@id":"https:\/\/reparacionmovil.es\/blog\/samsung-galaxy-s21\/#breadcrumb"},"inLanguage":"es","potentialAction":[{"@type":"ReadAction","target":["https:\/\/reparacionmovil.es\/blog\/samsung-galaxy-s21\/"]}]},{"@type":"BreadcrumbList","@id":"https:\/\/reparacionmovil.es\/blog\/samsung-galaxy-s21\/#breadcrumb","itemListElement":[{"@type":"ListItem","position":1,"name":"Portada","item":"https:\/\/reparacionmovil.es\/blog\/"},{"@type":"ListItem","position":2,"name":"Samsung Galaxy S21"}]},{"@type":"WebSite","@id":"https:\/\/reparacionmovil.es\/blog\/#website","url":"https:\/\/reparacionmovil.es\/blog\/","name":"Reparaci\u00f3n M\u00f3vil","description":"Info, Novedades y Consejos para T\u00e9lefono M\u00f3viles","potentialAction":[{"@type":"SearchAction","target":{"@type":"EntryPoint","urlTemplate":"https:\/\/reparacionmovil.es\/blog\/?s={search_term_string}"},"query-input":"required name=search_term_string"}],"inLanguage":"es"},{"@type":"Person","@id":"https:\/\/reparacionmovil.es\/blog\/#\/schema\/person\/0025d1c8c6c1e84e15dbb1fa25df795e","name":"Vanesa","image":{"@type":"ImageObject","inLanguage":"es","@id":"https:\/\/reparacionmovil.es\/blog\/#\/schema\/person\/image\/","url":"https:\/\/secure.gravatar.com\/avatar\/ee265eb0063318c308c04d78d19df9e009f02feea93cd72838a5c405f8577549?s=96&d=mm&r=g","contentUrl":"https:\/\/secure.gravatar.com\/avatar\/ee265eb0063318c308c04d78d19df9e009f02feea93cd72838a5c405f8577549?s=96&d=mm&r=g","caption":"Vanesa"},"sameAs":["http:\/\/reparacionmovil.es\/blog"]}]}},"_links":{"self":[{"href":"https:\/\/reparacionmovil.es\/blog\/wp-json\/wp\/v2\/posts\/911","targetHints":{"allow":["GET"]}}],"collection":[{"href":"https:\/\/reparacionmovil.es\/blog\/wp-json\/wp\/v2\/posts"}],"about":[{"href":"https:\/\/reparacionmovil.es\/blog\/wp-json\/wp\/v2\/types\/post"}],"author":[{"embeddable":true,"href":"https:\/\/reparacionmovil.es\/blog\/wp-json\/wp\/v2\/users\/1"}],"replies":[{"embeddable":true,"href":"https:\/\/reparacionmovil.es\/blog\/wp-json\/wp\/v2\/comments?post=911"}],"version-history":[{"count":1,"href":"https:\/\/reparacionmovil.es\/blog\/wp-json\/wp\/v2\/posts\/911\/revisions"}],"predecessor-version":[{"id":913,"href":"https:\/\/reparacionmovil.es\/blog\/wp-json\/wp\/v2\/posts\/911\/revisions\/913"}],"wp:featuredmedia":[{"embeddable":true,"href":"https:\/\/reparacionmovil.es\/blog\/wp-json\/wp\/v2\/media\/912"}],"wp:attachment":[{"href":"https:\/\/reparacionmovil.es\/blog\/wp-json\/wp\/v2\/media?parent=911"}],"wp:term":[{"taxonomy":"category","embeddable":true,"href":"https:\/\/reparacionmovil.es\/blog\/wp-json\/wp\/v2\/categories?post=911"},{"taxonomy":"post_tag","embeddable":true,"href":"https:\/\/reparacionmovil.es\/blog\/wp-json\/wp\/v2\/tags?post=911"}],"curies":[{"name":"wp","href":"https:\/\/api.w.org\/{rel}","templated":true}]}}