{"id":950,"date":"2025-04-01T18:23:22","date_gmt":"2025-04-01T18:23:22","guid":{"rendered":"https:\/\/reparacionmovil.es\/blog\/?p=950"},"modified":"2025-04-01T18:23:22","modified_gmt":"2025-04-01T18:23:22","slug":"macro-fotos-iphone-13-pro","status":"publish","type":"post","link":"https:\/\/reparacionmovil.es\/blog\/macro-fotos-iphone-13-pro\/","title":{"rendered":"Macro Fotos iPhone 13 Pro"},"content":{"rendered":"<p>Otro truco de la c\u00e1mara del iPhone 13 Pro es la capacidad de capturar fotos y videos macro con la c\u00e1mara ultra ancha. Con el modo macro habilitado, puede tomar fotograf\u00edas o videos de sujetos que est\u00e9n tan cerca como a 2 cm de la lente de la c\u00e1mara de tu iPhone, lo que significa que ahora puede tomar fotograf\u00edas de flores, texturas, insectos o casi cualquier cosa peque\u00f1a o de cerca, con enfoque preciso, gran detalle y sin borrosidad.<\/p>\n<p>A continuaci\u00f3n, se explica c\u00f3mo utilizar la funci\u00f3n del modo macro en \u200ciPhone 13 Pro\u200c y \u200c<a href=\"https:\/\/reparacionmovil.es\/reparar-iphone-13-pro-max\"><strong>iPhone 13 Pro\u200c Max<\/strong><\/a>.<\/p>\n<p>Inicie la aplicaci\u00f3n C\u00e1mara en su \u200ciPhone 13 Pro\u200c.<br \/>\nAseg\u00farese de que el modo Foto est\u00e9 resaltado en el men\u00fa del modo de la c\u00e1mara. Si est\u00e1 grabando un video, deslice el dedo hasta el modo de video.<br \/>\nAlinee tu sujeto de primer plano en el visor y permita que la c\u00e1mara cambie a la lente gran angular. Ac\u00e9rquese: el sujeto puede estar a una distancia de hasta 2 cm del objetivo (puede utilizar el zoom si es necesario).<br \/>\nSostenga el tel\u00e9fono con firmeza. Una vez que la lente se haya enfocado en el sujeto, toque el obturador para tomar la foto o comenzar a capturar video. Si est\u00e1 grabando un video, toque el bot\u00f3n del obturador nuevamente para terminar.<\/p>\n","protected":false},"excerpt":{"rendered":"<p>Otro truco de la c\u00e1mara del iPhone 13 Pro es la capacidad de capturar fotos y videos macro con la c\u00e1mara ultra ancha. Con el modo macro habilitado, puede tomar fotograf\u00edas o videos de sujetos que est\u00e9n tan cerca como a 2 cm de la lente de la c\u00e1mara de tu iPhone, lo que significa [&hellip;]<\/p>\n","protected":false},"author":1,"featured_media":874,"comment_status":"open","ping_status":"open","sticky":false,"template":"","format":"standard","meta":{"footnotes":""},"categories":[2],"tags":[],"class_list":["post-950","post","type-post","status-publish","format-standard","has-post-thumbnail","hentry","category-moviles"],"yoast_head":"<!-- This site is optimized with the Yoast SEO plugin v20.4 - https:\/\/yoast.com\/wordpress\/plugins\/seo\/ -->\n<title>Macro Fotos iPhone 13 Pro | Reparaci\u00f3n M\u00f3vil<\/title>\n<meta name=\"description\" content=\"Macro Fotos iPhone 13 Pro, Otro truco de la c\u00e1mara del iPhone 13 Pro es la capacidad de capturar fotos y videos macro con la c\u00e1mara ultra..\" \/>\n<meta name=\"robots\" content=\"index, follow, max-snippet:-1, max-image-preview:large, max-video-preview:-1\" \/>\n<link rel=\"canonical\" href=\"https:\/\/reparacionmovil.es\/blog\/macro-fotos-iphone-13-pro\/\" \/>\n<meta property=\"og:locale\" content=\"es_ES\" \/>\n<meta property=\"og:type\" content=\"article\" \/>\n<meta property=\"og:title\" content=\"Macro Fotos iPhone 13 Pro | Reparaci\u00f3n M\u00f3vil\" \/>\n<meta property=\"og:description\" content=\"Macro Fotos iPhone 13 Pro, Otro truco de la c\u00e1mara del iPhone 13 Pro es la capacidad de capturar fotos y videos macro con la c\u00e1mara ultra..\" \/>\n<meta property=\"og:url\" content=\"https:\/\/reparacionmovil.es\/blog\/macro-fotos-iphone-13-pro\/\" \/>\n<meta property=\"og:site_name\" content=\"Reparaci\u00f3n M\u00f3vil\" \/>\n<meta property=\"article:publisher\" content=\"https:\/\/www.facebook.com\/Reparaci%c3%b3n-M%c3%b3vil-299245680784157\" \/>\n<meta property=\"article:published_time\" content=\"2025-04-01T18:23:22+00:00\" \/>\n<meta property=\"og:image\" content=\"https:\/\/reparacionmovil.es\/blog\/wp-content\/uploads\/2021\/07\/iphone-13.jpg\" \/>\n\t<meta property=\"og:image:width\" content=\"560\" \/>\n\t<meta property=\"og:image:height\" content=\"416\" \/>\n\t<meta property=\"og:image:type\" content=\"image\/jpeg\" \/>\n<meta name=\"author\" content=\"Vanesa\" \/>\n<meta name=\"twitter:card\" content=\"summary_large_image\" \/>\n<meta name=\"twitter:label1\" content=\"Escrito por\" \/>\n\t<meta name=\"twitter:data1\" content=\"Vanesa\" \/>\n\t<meta name=\"twitter:label2\" content=\"Tiempo de lectura\" \/>\n\t<meta name=\"twitter:data2\" content=\"1 minuto\" \/>\n<script type=\"application\/ld+json\" class=\"yoast-schema-graph\">{\"@context\":\"https:\/\/schema.org\",\"@graph\":[{\"@type\":\"WebPage\",\"@id\":\"https:\/\/reparacionmovil.es\/blog\/macro-fotos-iphone-13-pro\/\",\"url\":\"https:\/\/reparacionmovil.es\/blog\/macro-fotos-iphone-13-pro\/\",\"name\":\"Macro Fotos iPhone 13 Pro | Reparaci\u00f3n M\u00f3vil\",\"isPartOf\":{\"@id\":\"https:\/\/reparacionmovil.es\/blog\/#website\"},\"datePublished\":\"2025-04-01T18:23:22+00:00\",\"dateModified\":\"2025-04-01T18:23:22+00:00\",\"author\":{\"@id\":\"https:\/\/reparacionmovil.es\/blog\/#\/schema\/person\/0025d1c8c6c1e84e15dbb1fa25df795e\"},\"description\":\"Macro Fotos iPhone 13 Pro, Otro truco de la c\u00e1mara del iPhone 13 Pro es la capacidad de capturar fotos y videos macro con la c\u00e1mara ultra..\",\"breadcrumb\":{\"@id\":\"https:\/\/reparacionmovil.es\/blog\/macro-fotos-iphone-13-pro\/#breadcrumb\"},\"inLanguage\":\"es\",\"potentialAction\":[{\"@type\":\"ReadAction\",\"target\":[\"https:\/\/reparacionmovil.es\/blog\/macro-fotos-iphone-13-pro\/\"]}]},{\"@type\":\"BreadcrumbList\",\"@id\":\"https:\/\/reparacionmovil.es\/blog\/macro-fotos-iphone-13-pro\/#breadcrumb\",\"itemListElement\":[{\"@type\":\"ListItem\",\"position\":1,\"name\":\"Portada\",\"item\":\"https:\/\/reparacionmovil.es\/blog\/\"},{\"@type\":\"ListItem\",\"position\":2,\"name\":\"Macro Fotos iPhone 13 Pro\"}]},{\"@type\":\"WebSite\",\"@id\":\"https:\/\/reparacionmovil.es\/blog\/#website\",\"url\":\"https:\/\/reparacionmovil.es\/blog\/\",\"name\":\"Reparaci\u00f3n M\u00f3vil\",\"description\":\"Info, Novedades y Consejos para T\u00e9lefono M\u00f3viles\",\"potentialAction\":[{\"@type\":\"SearchAction\",\"target\":{\"@type\":\"EntryPoint\",\"urlTemplate\":\"https:\/\/reparacionmovil.es\/blog\/?s={search_term_string}\"},\"query-input\":\"required name=search_term_string\"}],\"inLanguage\":\"es\"},{\"@type\":\"Person\",\"@id\":\"https:\/\/reparacionmovil.es\/blog\/#\/schema\/person\/0025d1c8c6c1e84e15dbb1fa25df795e\",\"name\":\"Vanesa\",\"image\":{\"@type\":\"ImageObject\",\"inLanguage\":\"es\",\"@id\":\"https:\/\/reparacionmovil.es\/blog\/#\/schema\/person\/image\/\",\"url\":\"https:\/\/secure.gravatar.com\/avatar\/ee265eb0063318c308c04d78d19df9e009f02feea93cd72838a5c405f8577549?s=96&d=mm&r=g\",\"contentUrl\":\"https:\/\/secure.gravatar.com\/avatar\/ee265eb0063318c308c04d78d19df9e009f02feea93cd72838a5c405f8577549?s=96&d=mm&r=g\",\"caption\":\"Vanesa\"},\"sameAs\":[\"http:\/\/reparacionmovil.es\/blog\"]}]}<\/script>\n<!-- \/ Yoast SEO plugin. -->","yoast_head_json":{"title":"Macro Fotos iPhone 13 Pro | Reparaci\u00f3n M\u00f3vil","description":"Macro Fotos iPhone 13 Pro, Otro truco de la c\u00e1mara del iPhone 13 Pro es la capacidad de capturar fotos y videos macro con la c\u00e1mara ultra..","robots":{"index":"index","follow":"follow","max-snippet":"max-snippet:-1","max-image-preview":"max-image-preview:large","max-video-preview":"max-video-preview:-1"},"canonical":"https:\/\/reparacionmovil.es\/blog\/macro-fotos-iphone-13-pro\/","og_locale":"es_ES","og_type":"article","og_title":"Macro Fotos iPhone 13 Pro | Reparaci\u00f3n M\u00f3vil","og_description":"Macro Fotos iPhone 13 Pro, Otro truco de la c\u00e1mara del iPhone 13 Pro es la capacidad de capturar fotos y videos macro con la c\u00e1mara ultra..","og_url":"https:\/\/reparacionmovil.es\/blog\/macro-fotos-iphone-13-pro\/","og_site_name":"Reparaci\u00f3n M\u00f3vil","article_publisher":"https:\/\/www.facebook.com\/Reparaci%c3%b3n-M%c3%b3vil-299245680784157","article_published_time":"2025-04-01T18:23:22+00:00","og_image":[{"width":560,"height":416,"url":"https:\/\/reparacionmovil.es\/blog\/wp-content\/uploads\/2021\/07\/iphone-13.jpg","type":"image\/jpeg"}],"author":"Vanesa","twitter_card":"summary_large_image","twitter_misc":{"Escrito por":"Vanesa","Tiempo de lectura":"1 minuto"},"schema":{"@context":"https:\/\/schema.org","@graph":[{"@type":"WebPage","@id":"https:\/\/reparacionmovil.es\/blog\/macro-fotos-iphone-13-pro\/","url":"https:\/\/reparacionmovil.es\/blog\/macro-fotos-iphone-13-pro\/","name":"Macro Fotos iPhone 13 Pro | Reparaci\u00f3n M\u00f3vil","isPartOf":{"@id":"https:\/\/reparacionmovil.es\/blog\/#website"},"datePublished":"2025-04-01T18:23:22+00:00","dateModified":"2025-04-01T18:23:22+00:00","author":{"@id":"https:\/\/reparacionmovil.es\/blog\/#\/schema\/person\/0025d1c8c6c1e84e15dbb1fa25df795e"},"description":"Macro Fotos iPhone 13 Pro, Otro truco de la c\u00e1mara del iPhone 13 Pro es la capacidad de capturar fotos y videos macro con la c\u00e1mara ultra..","breadcrumb":{"@id":"https:\/\/reparacionmovil.es\/blog\/macro-fotos-iphone-13-pro\/#breadcrumb"},"inLanguage":"es","potentialAction":[{"@type":"ReadAction","target":["https:\/\/reparacionmovil.es\/blog\/macro-fotos-iphone-13-pro\/"]}]},{"@type":"BreadcrumbList","@id":"https:\/\/reparacionmovil.es\/blog\/macro-fotos-iphone-13-pro\/#breadcrumb","itemListElement":[{"@type":"ListItem","position":1,"name":"Portada","item":"https:\/\/reparacionmovil.es\/blog\/"},{"@type":"ListItem","position":2,"name":"Macro Fotos iPhone 13 Pro"}]},{"@type":"WebSite","@id":"https:\/\/reparacionmovil.es\/blog\/#website","url":"https:\/\/reparacionmovil.es\/blog\/","name":"Reparaci\u00f3n M\u00f3vil","description":"Info, Novedades y Consejos para T\u00e9lefono M\u00f3viles","potentialAction":[{"@type":"SearchAction","target":{"@type":"EntryPoint","urlTemplate":"https:\/\/reparacionmovil.es\/blog\/?s={search_term_string}"},"query-input":"required name=search_term_string"}],"inLanguage":"es"},{"@type":"Person","@id":"https:\/\/reparacionmovil.es\/blog\/#\/schema\/person\/0025d1c8c6c1e84e15dbb1fa25df795e","name":"Vanesa","image":{"@type":"ImageObject","inLanguage":"es","@id":"https:\/\/reparacionmovil.es\/blog\/#\/schema\/person\/image\/","url":"https:\/\/secure.gravatar.com\/avatar\/ee265eb0063318c308c04d78d19df9e009f02feea93cd72838a5c405f8577549?s=96&d=mm&r=g","contentUrl":"https:\/\/secure.gravatar.com\/avatar\/ee265eb0063318c308c04d78d19df9e009f02feea93cd72838a5c405f8577549?s=96&d=mm&r=g","caption":"Vanesa"},"sameAs":["http:\/\/reparacionmovil.es\/blog"]}]}},"_links":{"self":[{"href":"https:\/\/reparacionmovil.es\/blog\/wp-json\/wp\/v2\/posts\/950","targetHints":{"allow":["GET"]}}],"collection":[{"href":"https:\/\/reparacionmovil.es\/blog\/wp-json\/wp\/v2\/posts"}],"about":[{"href":"https:\/\/reparacionmovil.es\/blog\/wp-json\/wp\/v2\/types\/post"}],"author":[{"embeddable":true,"href":"https:\/\/reparacionmovil.es\/blog\/wp-json\/wp\/v2\/users\/1"}],"replies":[{"embeddable":true,"href":"https:\/\/reparacionmovil.es\/blog\/wp-json\/wp\/v2\/comments?post=950"}],"version-history":[{"count":1,"href":"https:\/\/reparacionmovil.es\/blog\/wp-json\/wp\/v2\/posts\/950\/revisions"}],"predecessor-version":[{"id":951,"href":"https:\/\/reparacionmovil.es\/blog\/wp-json\/wp\/v2\/posts\/950\/revisions\/951"}],"wp:featuredmedia":[{"embeddable":true,"href":"https:\/\/reparacionmovil.es\/blog\/wp-json\/wp\/v2\/media\/874"}],"wp:attachment":[{"href":"https:\/\/reparacionmovil.es\/blog\/wp-json\/wp\/v2\/media?parent=950"}],"wp:term":[{"taxonomy":"category","embeddable":true,"href":"https:\/\/reparacionmovil.es\/blog\/wp-json\/wp\/v2\/categories?post=950"},{"taxonomy":"post_tag","embeddable":true,"href":"https:\/\/reparacionmovil.es\/blog\/wp-json\/wp\/v2\/tags?post=950"}],"curies":[{"name":"wp","href":"https:\/\/api.w.org\/{rel}","templated":true}]}}