{"id":953,"date":"2025-04-01T18:23:22","date_gmt":"2025-04-01T18:23:22","guid":{"rendered":"https:\/\/reparacionmovil.es\/blog\/?p=953"},"modified":"2025-04-01T18:23:22","modified_gmt":"2025-04-01T18:23:22","slug":"modo-fotografico-en-iphone-13","status":"publish","type":"post","link":"https:\/\/reparacionmovil.es\/blog\/modo-fotografico-en-iphone-13\/","title":{"rendered":"Modo fotogr\u00e1fico en iPhone 13"},"content":{"rendered":"<p>Inicie la aplicaci\u00f3n C\u00e1mara en tu \u200c<a href=\"https:\/\/reparacionmovil.es\/reparar-iphone-13\">iPhone 13\u200c<\/a>.<br \/>\nSi no ha usado Estilos (Modo) fotogr\u00e1ficos antes, o si eligi\u00f3 previamente el modo Est\u00e1ndar, deslice el men\u00fa horizontal debajo del visor para seleccionar el modo Foto, luego deslice el dedo hacia arriba desde la parte inferior del visor y toque el \u00edcono Estilos fotogr\u00e1ficos (parece como tres cartas alineadas en una fila).<br \/>\nDeslice el dedo por los cuatro ajustes preestablecidos (adem\u00e1s de la opci\u00f3n Est\u00e1ndar) y podr\u00e1 obtener una vista previa de cada uno de los aplicados a la escena que se encuentra actualmente en el visor.<br \/>\nUtilice los controles deslizantes de Tono y Calidez opcionales debajo del visor para ajustar el aspecto a sus preferencias.<br \/>\nCuando est\u00e9 listo, presione el bot\u00f3n del obturador.<br \/>\nAhora que su estilo est\u00e1 activo, ver\u00e1 aparecer el \u00edcono de Estilo fotogr\u00e1fico en la esquina superior derecha de la interfaz de la c\u00e1mara. T\u00f3quelo para cambiar el estilo en cualquier momento.<\/p>\n<p>De forma predeterminada, el estilo fotogr\u00e1fico que seleccione permanecer\u00e1 activo la pr\u00f3xima vez que inicie la aplicaci\u00f3n C\u00e1mara hasta que seleccione otro o vuelva al estilo est\u00e1ndar. Tambi\u00e9n puede cambiar qu\u00e9 estilo fotogr\u00e1fico est\u00e1 activo usando la aplicaci\u00f3n Configuraci\u00f3n.<\/p>\n<p>En Configuraci\u00f3n, toque C\u00e1mara, luego en \u00abCaptura de fotos\u00bb seleccione Estilos fotogr\u00e1ficos.<\/p>\n","protected":false},"excerpt":{"rendered":"<p>Inicie la aplicaci\u00f3n C\u00e1mara en tu \u200ciPhone 13\u200c. Si no ha usado Estilos (Modo) fotogr\u00e1ficos antes, o si eligi\u00f3 previamente el modo Est\u00e1ndar, deslice el men\u00fa horizontal debajo del visor para seleccionar el modo Foto, luego deslice el dedo hacia arriba desde la parte inferior del visor y toque el \u00edcono Estilos fotogr\u00e1ficos (parece como [&hellip;]<\/p>\n","protected":false},"author":1,"featured_media":954,"comment_status":"open","ping_status":"open","sticky":false,"template":"","format":"standard","meta":{"footnotes":""},"categories":[2],"tags":[],"class_list":["post-953","post","type-post","status-publish","format-standard","has-post-thumbnail","hentry","category-moviles"],"yoast_head":"<!-- This site is optimized with the Yoast SEO plugin v20.4 - https:\/\/yoast.com\/wordpress\/plugins\/seo\/ -->\n<title>Modo fotogr\u00e1fico en iPhone 13 | Reparaci\u00f3n M\u00f3vil<\/title>\n<meta name=\"description\" content=\"Modo fotogr\u00e1fico en iPhone 13,\" \/>\n<meta name=\"robots\" content=\"index, follow, max-snippet:-1, max-image-preview:large, max-video-preview:-1\" \/>\n<link rel=\"canonical\" href=\"https:\/\/reparacionmovil.es\/blog\/modo-fotografico-en-iphone-13\/\" \/>\n<meta property=\"og:locale\" content=\"es_ES\" \/>\n<meta property=\"og:type\" content=\"article\" \/>\n<meta property=\"og:title\" content=\"Modo fotogr\u00e1fico en iPhone 13 | Reparaci\u00f3n M\u00f3vil\" \/>\n<meta property=\"og:description\" content=\"Modo fotogr\u00e1fico en iPhone 13,\" \/>\n<meta property=\"og:url\" content=\"https:\/\/reparacionmovil.es\/blog\/modo-fotografico-en-iphone-13\/\" \/>\n<meta property=\"og:site_name\" content=\"Reparaci\u00f3n M\u00f3vil\" \/>\n<meta property=\"article:publisher\" content=\"https:\/\/www.facebook.com\/Reparaci%c3%b3n-M%c3%b3vil-299245680784157\" \/>\n<meta property=\"article:published_time\" content=\"2025-04-01T18:23:22+00:00\" \/>\n<meta property=\"og:image\" content=\"https:\/\/reparacionmovil.es\/blog\/wp-content\/uploads\/2021\/10\/modo-photo-iphone.jpg\" \/>\n\t<meta property=\"og:image:width\" content=\"560\" \/>\n\t<meta property=\"og:image:height\" content=\"416\" \/>\n\t<meta property=\"og:image:type\" content=\"image\/jpeg\" \/>\n<meta name=\"author\" content=\"Vanesa\" \/>\n<meta name=\"twitter:card\" content=\"summary_large_image\" \/>\n<meta name=\"twitter:label1\" content=\"Escrito por\" \/>\n\t<meta name=\"twitter:data1\" content=\"Vanesa\" \/>\n\t<meta name=\"twitter:label2\" content=\"Tiempo de lectura\" \/>\n\t<meta name=\"twitter:data2\" content=\"1 minuto\" \/>\n<script type=\"application\/ld+json\" class=\"yoast-schema-graph\">{\"@context\":\"https:\/\/schema.org\",\"@graph\":[{\"@type\":\"WebPage\",\"@id\":\"https:\/\/reparacionmovil.es\/blog\/modo-fotografico-en-iphone-13\/\",\"url\":\"https:\/\/reparacionmovil.es\/blog\/modo-fotografico-en-iphone-13\/\",\"name\":\"Modo fotogr\u00e1fico en iPhone 13 | Reparaci\u00f3n M\u00f3vil\",\"isPartOf\":{\"@id\":\"https:\/\/reparacionmovil.es\/blog\/#website\"},\"datePublished\":\"2025-04-01T18:23:22+00:00\",\"dateModified\":\"2025-04-01T18:23:22+00:00\",\"author\":{\"@id\":\"https:\/\/reparacionmovil.es\/blog\/#\/schema\/person\/0025d1c8c6c1e84e15dbb1fa25df795e\"},\"description\":\"Modo fotogr\u00e1fico en iPhone 13,\",\"breadcrumb\":{\"@id\":\"https:\/\/reparacionmovil.es\/blog\/modo-fotografico-en-iphone-13\/#breadcrumb\"},\"inLanguage\":\"es\",\"potentialAction\":[{\"@type\":\"ReadAction\",\"target\":[\"https:\/\/reparacionmovil.es\/blog\/modo-fotografico-en-iphone-13\/\"]}]},{\"@type\":\"BreadcrumbList\",\"@id\":\"https:\/\/reparacionmovil.es\/blog\/modo-fotografico-en-iphone-13\/#breadcrumb\",\"itemListElement\":[{\"@type\":\"ListItem\",\"position\":1,\"name\":\"Portada\",\"item\":\"https:\/\/reparacionmovil.es\/blog\/\"},{\"@type\":\"ListItem\",\"position\":2,\"name\":\"Modo fotogr\u00e1fico en iPhone 13\"}]},{\"@type\":\"WebSite\",\"@id\":\"https:\/\/reparacionmovil.es\/blog\/#website\",\"url\":\"https:\/\/reparacionmovil.es\/blog\/\",\"name\":\"Reparaci\u00f3n M\u00f3vil\",\"description\":\"Info, Novedades y Consejos para T\u00e9lefono M\u00f3viles\",\"potentialAction\":[{\"@type\":\"SearchAction\",\"target\":{\"@type\":\"EntryPoint\",\"urlTemplate\":\"https:\/\/reparacionmovil.es\/blog\/?s={search_term_string}\"},\"query-input\":\"required name=search_term_string\"}],\"inLanguage\":\"es\"},{\"@type\":\"Person\",\"@id\":\"https:\/\/reparacionmovil.es\/blog\/#\/schema\/person\/0025d1c8c6c1e84e15dbb1fa25df795e\",\"name\":\"Vanesa\",\"image\":{\"@type\":\"ImageObject\",\"inLanguage\":\"es\",\"@id\":\"https:\/\/reparacionmovil.es\/blog\/#\/schema\/person\/image\/\",\"url\":\"https:\/\/secure.gravatar.com\/avatar\/ee265eb0063318c308c04d78d19df9e009f02feea93cd72838a5c405f8577549?s=96&d=mm&r=g\",\"contentUrl\":\"https:\/\/secure.gravatar.com\/avatar\/ee265eb0063318c308c04d78d19df9e009f02feea93cd72838a5c405f8577549?s=96&d=mm&r=g\",\"caption\":\"Vanesa\"},\"sameAs\":[\"http:\/\/reparacionmovil.es\/blog\"]}]}<\/script>\n<!-- \/ Yoast SEO plugin. -->","yoast_head_json":{"title":"Modo fotogr\u00e1fico en iPhone 13 | Reparaci\u00f3n M\u00f3vil","description":"Modo fotogr\u00e1fico en iPhone 13,","robots":{"index":"index","follow":"follow","max-snippet":"max-snippet:-1","max-image-preview":"max-image-preview:large","max-video-preview":"max-video-preview:-1"},"canonical":"https:\/\/reparacionmovil.es\/blog\/modo-fotografico-en-iphone-13\/","og_locale":"es_ES","og_type":"article","og_title":"Modo fotogr\u00e1fico en iPhone 13 | Reparaci\u00f3n M\u00f3vil","og_description":"Modo fotogr\u00e1fico en iPhone 13,","og_url":"https:\/\/reparacionmovil.es\/blog\/modo-fotografico-en-iphone-13\/","og_site_name":"Reparaci\u00f3n M\u00f3vil","article_publisher":"https:\/\/www.facebook.com\/Reparaci%c3%b3n-M%c3%b3vil-299245680784157","article_published_time":"2025-04-01T18:23:22+00:00","og_image":[{"width":560,"height":416,"url":"https:\/\/reparacionmovil.es\/blog\/wp-content\/uploads\/2021\/10\/modo-photo-iphone.jpg","type":"image\/jpeg"}],"author":"Vanesa","twitter_card":"summary_large_image","twitter_misc":{"Escrito por":"Vanesa","Tiempo de lectura":"1 minuto"},"schema":{"@context":"https:\/\/schema.org","@graph":[{"@type":"WebPage","@id":"https:\/\/reparacionmovil.es\/blog\/modo-fotografico-en-iphone-13\/","url":"https:\/\/reparacionmovil.es\/blog\/modo-fotografico-en-iphone-13\/","name":"Modo fotogr\u00e1fico en iPhone 13 | Reparaci\u00f3n M\u00f3vil","isPartOf":{"@id":"https:\/\/reparacionmovil.es\/blog\/#website"},"datePublished":"2025-04-01T18:23:22+00:00","dateModified":"2025-04-01T18:23:22+00:00","author":{"@id":"https:\/\/reparacionmovil.es\/blog\/#\/schema\/person\/0025d1c8c6c1e84e15dbb1fa25df795e"},"description":"Modo fotogr\u00e1fico en iPhone 13,","breadcrumb":{"@id":"https:\/\/reparacionmovil.es\/blog\/modo-fotografico-en-iphone-13\/#breadcrumb"},"inLanguage":"es","potentialAction":[{"@type":"ReadAction","target":["https:\/\/reparacionmovil.es\/blog\/modo-fotografico-en-iphone-13\/"]}]},{"@type":"BreadcrumbList","@id":"https:\/\/reparacionmovil.es\/blog\/modo-fotografico-en-iphone-13\/#breadcrumb","itemListElement":[{"@type":"ListItem","position":1,"name":"Portada","item":"https:\/\/reparacionmovil.es\/blog\/"},{"@type":"ListItem","position":2,"name":"Modo fotogr\u00e1fico en iPhone 13"}]},{"@type":"WebSite","@id":"https:\/\/reparacionmovil.es\/blog\/#website","url":"https:\/\/reparacionmovil.es\/blog\/","name":"Reparaci\u00f3n M\u00f3vil","description":"Info, Novedades y Consejos para T\u00e9lefono M\u00f3viles","potentialAction":[{"@type":"SearchAction","target":{"@type":"EntryPoint","urlTemplate":"https:\/\/reparacionmovil.es\/blog\/?s={search_term_string}"},"query-input":"required name=search_term_string"}],"inLanguage":"es"},{"@type":"Person","@id":"https:\/\/reparacionmovil.es\/blog\/#\/schema\/person\/0025d1c8c6c1e84e15dbb1fa25df795e","name":"Vanesa","image":{"@type":"ImageObject","inLanguage":"es","@id":"https:\/\/reparacionmovil.es\/blog\/#\/schema\/person\/image\/","url":"https:\/\/secure.gravatar.com\/avatar\/ee265eb0063318c308c04d78d19df9e009f02feea93cd72838a5c405f8577549?s=96&d=mm&r=g","contentUrl":"https:\/\/secure.gravatar.com\/avatar\/ee265eb0063318c308c04d78d19df9e009f02feea93cd72838a5c405f8577549?s=96&d=mm&r=g","caption":"Vanesa"},"sameAs":["http:\/\/reparacionmovil.es\/blog"]}]}},"_links":{"self":[{"href":"https:\/\/reparacionmovil.es\/blog\/wp-json\/wp\/v2\/posts\/953","targetHints":{"allow":["GET"]}}],"collection":[{"href":"https:\/\/reparacionmovil.es\/blog\/wp-json\/wp\/v2\/posts"}],"about":[{"href":"https:\/\/reparacionmovil.es\/blog\/wp-json\/wp\/v2\/types\/post"}],"author":[{"embeddable":true,"href":"https:\/\/reparacionmovil.es\/blog\/wp-json\/wp\/v2\/users\/1"}],"replies":[{"embeddable":true,"href":"https:\/\/reparacionmovil.es\/blog\/wp-json\/wp\/v2\/comments?post=953"}],"version-history":[{"count":1,"href":"https:\/\/reparacionmovil.es\/blog\/wp-json\/wp\/v2\/posts\/953\/revisions"}],"predecessor-version":[{"id":955,"href":"https:\/\/reparacionmovil.es\/blog\/wp-json\/wp\/v2\/posts\/953\/revisions\/955"}],"wp:featuredmedia":[{"embeddable":true,"href":"https:\/\/reparacionmovil.es\/blog\/wp-json\/wp\/v2\/media\/954"}],"wp:attachment":[{"href":"https:\/\/reparacionmovil.es\/blog\/wp-json\/wp\/v2\/media?parent=953"}],"wp:term":[{"taxonomy":"category","embeddable":true,"href":"https:\/\/reparacionmovil.es\/blog\/wp-json\/wp\/v2\/categories?post=953"},{"taxonomy":"post_tag","embeddable":true,"href":"https:\/\/reparacionmovil.es\/blog\/wp-json\/wp\/v2\/tags?post=953"}],"curies":[{"name":"wp","href":"https:\/\/api.w.org\/{rel}","templated":true}]}}