{"id":965,"date":"2021-10-28T12:57:49","date_gmt":"2021-10-28T12:57:49","guid":{"rendered":"https:\/\/reparacionmovil.es\/blog\/?p=965"},"modified":"2021-10-28T12:57:49","modified_gmt":"2021-10-28T12:57:49","slug":"facebook-planea-cambiar-la-marca-de-la-empresa-con-un-nuevo-nombre","status":"publish","type":"post","link":"https:\/\/reparacionmovil.es\/blog\/facebook-planea-cambiar-la-marca-de-la-empresa-con-un-nuevo-nombre\/","title":{"rendered":"Facebook planea cambiar la marca de la empresa con un nuevo nombre"},"content":{"rendered":"<p>Facebook planea cambiar el nombre de su empresa la pr\u00f3xima semana para reflejar su enfoque en la construcci\u00f3n del metaverso, seg\u00fan una fuente con conocimiento directo del asunto.<\/p>\n<p>El pr\u00f3ximo cambio de nombre, del que el CEO Mark Zuckerberg planea hablar en la conferencia anual Connect de la compa\u00f1\u00eda el 28 de octubre, pero podr\u00eda revelarse antes, est\u00e1 destinado a se\u00f1alar la ambici\u00f3n del gigante tecnol\u00f3gico de ser conocido por m\u00e1s que las redes sociales y todos los males que conllevan. . El cambio de marca probablemente posicionar\u00eda a la aplicaci\u00f3n azul de Facebook como uno de los muchos productos de una empresa matriz que supervisa grupos como Instagram, WhatsApp, Oculus y m\u00e1s. Un portavoz de Facebook se neg\u00f3 a comentar para esta historia.<\/p>\n<p>Un cambio de marca tambi\u00e9n podr\u00eda servir para separar a\u00fan m\u00e1s el trabajo futurista en el que se centra Zuckerberg del intenso escrutinio que Facebook est\u00e1 actualmente bajo la forma en que opera su plataforma social en la actualidad. Una ex empleada convertida en denunciante, Frances Haugen, filtr\u00f3 recientemente un tesoro de documentos internos condenatorios a The Wall Street Journal y testific\u00f3 sobre ellos ante el Congreso. Los reguladores antimonopolio en los EE. UU. Y en otros lugares est\u00e1n tratando de dividir la empresa, y la confianza del p\u00fablico en la forma en que Facebook hace negocios est\u00e1 cayendo.<\/p>\n","protected":false},"excerpt":{"rendered":"<p>Facebook planea cambiar el nombre de su empresa la pr\u00f3xima semana para reflejar su enfoque en la construcci\u00f3n del metaverso, seg\u00fan una fuente con conocimiento directo del asunto. El pr\u00f3ximo cambio de nombre, del que el CEO Mark Zuckerberg planea hablar en la conferencia anual Connect de la compa\u00f1\u00eda el 28 de octubre, pero podr\u00eda [&hellip;]<\/p>\n","protected":false},"author":1,"featured_media":966,"comment_status":"open","ping_status":"open","sticky":false,"template":"","format":"standard","meta":{"footnotes":""},"categories":[2],"tags":[],"class_list":["post-965","post","type-post","status-publish","format-standard","has-post-thumbnail","hentry","category-moviles"],"yoast_head":"<!-- This site is optimized with the Yoast SEO plugin v20.4 - https:\/\/yoast.com\/wordpress\/plugins\/seo\/ -->\n<title>Facebook planea cambiar la marca de la empresa con un nuevo nombre | Reparaci\u00f3n M\u00f3vil<\/title>\n<meta name=\"description\" content=\"Facebook planea cambiar la marca de la empresa con un nuevo nombre. la pr\u00f3xima semana para reflejar su enfoque en la construcci\u00f3n del metaverso\" \/>\n<meta name=\"robots\" content=\"index, follow, max-snippet:-1, max-image-preview:large, max-video-preview:-1\" \/>\n<link rel=\"canonical\" href=\"https:\/\/reparacionmovil.es\/blog\/facebook-planea-cambiar-la-marca-de-la-empresa-con-un-nuevo-nombre\/\" \/>\n<meta property=\"og:locale\" content=\"es_ES\" \/>\n<meta property=\"og:type\" content=\"article\" \/>\n<meta property=\"og:title\" content=\"Facebook planea cambiar la marca de la empresa con un nuevo nombre | Reparaci\u00f3n M\u00f3vil\" \/>\n<meta property=\"og:description\" content=\"Facebook planea cambiar la marca de la empresa con un nuevo nombre. la pr\u00f3xima semana para reflejar su enfoque en la construcci\u00f3n del metaverso\" \/>\n<meta property=\"og:url\" content=\"https:\/\/reparacionmovil.es\/blog\/facebook-planea-cambiar-la-marca-de-la-empresa-con-un-nuevo-nombre\/\" \/>\n<meta property=\"og:site_name\" content=\"Reparaci\u00f3n M\u00f3vil\" \/>\n<meta property=\"article:publisher\" content=\"https:\/\/www.facebook.com\/Reparaci%c3%b3n-M%c3%b3vil-299245680784157\" \/>\n<meta property=\"article:published_time\" content=\"2021-10-28T12:57:49+00:00\" \/>\n<meta property=\"og:image\" content=\"https:\/\/reparacionmovil.es\/blog\/wp-content\/uploads\/2021\/10\/facebook.jpg\" \/>\n\t<meta property=\"og:image:width\" content=\"560\" \/>\n\t<meta property=\"og:image:height\" content=\"416\" \/>\n\t<meta property=\"og:image:type\" content=\"image\/jpeg\" \/>\n<meta name=\"author\" content=\"Vanesa\" \/>\n<meta name=\"twitter:card\" content=\"summary_large_image\" \/>\n<meta name=\"twitter:label1\" content=\"Escrito por\" \/>\n\t<meta name=\"twitter:data1\" content=\"Vanesa\" \/>\n\t<meta name=\"twitter:label2\" content=\"Tiempo de lectura\" \/>\n\t<meta name=\"twitter:data2\" content=\"1 minuto\" \/>\n<script type=\"application\/ld+json\" class=\"yoast-schema-graph\">{\"@context\":\"https:\/\/schema.org\",\"@graph\":[{\"@type\":\"WebPage\",\"@id\":\"https:\/\/reparacionmovil.es\/blog\/facebook-planea-cambiar-la-marca-de-la-empresa-con-un-nuevo-nombre\/\",\"url\":\"https:\/\/reparacionmovil.es\/blog\/facebook-planea-cambiar-la-marca-de-la-empresa-con-un-nuevo-nombre\/\",\"name\":\"Facebook planea cambiar la marca de la empresa con un nuevo nombre | Reparaci\u00f3n M\u00f3vil\",\"isPartOf\":{\"@id\":\"https:\/\/reparacionmovil.es\/blog\/#website\"},\"datePublished\":\"2021-10-28T12:57:49+00:00\",\"dateModified\":\"2021-10-28T12:57:49+00:00\",\"author\":{\"@id\":\"https:\/\/reparacionmovil.es\/blog\/#\/schema\/person\/0025d1c8c6c1e84e15dbb1fa25df795e\"},\"description\":\"Facebook planea cambiar la marca de la empresa con un nuevo nombre. la pr\u00f3xima semana para reflejar su enfoque en la construcci\u00f3n del metaverso\",\"breadcrumb\":{\"@id\":\"https:\/\/reparacionmovil.es\/blog\/facebook-planea-cambiar-la-marca-de-la-empresa-con-un-nuevo-nombre\/#breadcrumb\"},\"inLanguage\":\"es\",\"potentialAction\":[{\"@type\":\"ReadAction\",\"target\":[\"https:\/\/reparacionmovil.es\/blog\/facebook-planea-cambiar-la-marca-de-la-empresa-con-un-nuevo-nombre\/\"]}]},{\"@type\":\"BreadcrumbList\",\"@id\":\"https:\/\/reparacionmovil.es\/blog\/facebook-planea-cambiar-la-marca-de-la-empresa-con-un-nuevo-nombre\/#breadcrumb\",\"itemListElement\":[{\"@type\":\"ListItem\",\"position\":1,\"name\":\"Portada\",\"item\":\"https:\/\/reparacionmovil.es\/blog\/\"},{\"@type\":\"ListItem\",\"position\":2,\"name\":\"Facebook planea cambiar la marca de la empresa con un nuevo nombre\"}]},{\"@type\":\"WebSite\",\"@id\":\"https:\/\/reparacionmovil.es\/blog\/#website\",\"url\":\"https:\/\/reparacionmovil.es\/blog\/\",\"name\":\"Reparaci\u00f3n M\u00f3vil\",\"description\":\"Info, Novedades y Consejos para T\u00e9lefono M\u00f3viles\",\"potentialAction\":[{\"@type\":\"SearchAction\",\"target\":{\"@type\":\"EntryPoint\",\"urlTemplate\":\"https:\/\/reparacionmovil.es\/blog\/?s={search_term_string}\"},\"query-input\":\"required name=search_term_string\"}],\"inLanguage\":\"es\"},{\"@type\":\"Person\",\"@id\":\"https:\/\/reparacionmovil.es\/blog\/#\/schema\/person\/0025d1c8c6c1e84e15dbb1fa25df795e\",\"name\":\"Vanesa\",\"image\":{\"@type\":\"ImageObject\",\"inLanguage\":\"es\",\"@id\":\"https:\/\/reparacionmovil.es\/blog\/#\/schema\/person\/image\/\",\"url\":\"https:\/\/secure.gravatar.com\/avatar\/ee265eb0063318c308c04d78d19df9e009f02feea93cd72838a5c405f8577549?s=96&d=mm&r=g\",\"contentUrl\":\"https:\/\/secure.gravatar.com\/avatar\/ee265eb0063318c308c04d78d19df9e009f02feea93cd72838a5c405f8577549?s=96&d=mm&r=g\",\"caption\":\"Vanesa\"},\"sameAs\":[\"http:\/\/reparacionmovil.es\/blog\"]}]}<\/script>\n<!-- \/ Yoast SEO plugin. -->","yoast_head_json":{"title":"Facebook planea cambiar la marca de la empresa con un nuevo nombre | Reparaci\u00f3n M\u00f3vil","description":"Facebook planea cambiar la marca de la empresa con un nuevo nombre. la pr\u00f3xima semana para reflejar su enfoque en la construcci\u00f3n del metaverso","robots":{"index":"index","follow":"follow","max-snippet":"max-snippet:-1","max-image-preview":"max-image-preview:large","max-video-preview":"max-video-preview:-1"},"canonical":"https:\/\/reparacionmovil.es\/blog\/facebook-planea-cambiar-la-marca-de-la-empresa-con-un-nuevo-nombre\/","og_locale":"es_ES","og_type":"article","og_title":"Facebook planea cambiar la marca de la empresa con un nuevo nombre | Reparaci\u00f3n M\u00f3vil","og_description":"Facebook planea cambiar la marca de la empresa con un nuevo nombre. la pr\u00f3xima semana para reflejar su enfoque en la construcci\u00f3n del metaverso","og_url":"https:\/\/reparacionmovil.es\/blog\/facebook-planea-cambiar-la-marca-de-la-empresa-con-un-nuevo-nombre\/","og_site_name":"Reparaci\u00f3n M\u00f3vil","article_publisher":"https:\/\/www.facebook.com\/Reparaci%c3%b3n-M%c3%b3vil-299245680784157","article_published_time":"2021-10-28T12:57:49+00:00","og_image":[{"width":560,"height":416,"url":"https:\/\/reparacionmovil.es\/blog\/wp-content\/uploads\/2021\/10\/facebook.jpg","type":"image\/jpeg"}],"author":"Vanesa","twitter_card":"summary_large_image","twitter_misc":{"Escrito por":"Vanesa","Tiempo de lectura":"1 minuto"},"schema":{"@context":"https:\/\/schema.org","@graph":[{"@type":"WebPage","@id":"https:\/\/reparacionmovil.es\/blog\/facebook-planea-cambiar-la-marca-de-la-empresa-con-un-nuevo-nombre\/","url":"https:\/\/reparacionmovil.es\/blog\/facebook-planea-cambiar-la-marca-de-la-empresa-con-un-nuevo-nombre\/","name":"Facebook planea cambiar la marca de la empresa con un nuevo nombre | Reparaci\u00f3n M\u00f3vil","isPartOf":{"@id":"https:\/\/reparacionmovil.es\/blog\/#website"},"datePublished":"2021-10-28T12:57:49+00:00","dateModified":"2021-10-28T12:57:49+00:00","author":{"@id":"https:\/\/reparacionmovil.es\/blog\/#\/schema\/person\/0025d1c8c6c1e84e15dbb1fa25df795e"},"description":"Facebook planea cambiar la marca de la empresa con un nuevo nombre. la pr\u00f3xima semana para reflejar su enfoque en la construcci\u00f3n del metaverso","breadcrumb":{"@id":"https:\/\/reparacionmovil.es\/blog\/facebook-planea-cambiar-la-marca-de-la-empresa-con-un-nuevo-nombre\/#breadcrumb"},"inLanguage":"es","potentialAction":[{"@type":"ReadAction","target":["https:\/\/reparacionmovil.es\/blog\/facebook-planea-cambiar-la-marca-de-la-empresa-con-un-nuevo-nombre\/"]}]},{"@type":"BreadcrumbList","@id":"https:\/\/reparacionmovil.es\/blog\/facebook-planea-cambiar-la-marca-de-la-empresa-con-un-nuevo-nombre\/#breadcrumb","itemListElement":[{"@type":"ListItem","position":1,"name":"Portada","item":"https:\/\/reparacionmovil.es\/blog\/"},{"@type":"ListItem","position":2,"name":"Facebook planea cambiar la marca de la empresa con un nuevo nombre"}]},{"@type":"WebSite","@id":"https:\/\/reparacionmovil.es\/blog\/#website","url":"https:\/\/reparacionmovil.es\/blog\/","name":"Reparaci\u00f3n M\u00f3vil","description":"Info, Novedades y Consejos para T\u00e9lefono M\u00f3viles","potentialAction":[{"@type":"SearchAction","target":{"@type":"EntryPoint","urlTemplate":"https:\/\/reparacionmovil.es\/blog\/?s={search_term_string}"},"query-input":"required name=search_term_string"}],"inLanguage":"es"},{"@type":"Person","@id":"https:\/\/reparacionmovil.es\/blog\/#\/schema\/person\/0025d1c8c6c1e84e15dbb1fa25df795e","name":"Vanesa","image":{"@type":"ImageObject","inLanguage":"es","@id":"https:\/\/reparacionmovil.es\/blog\/#\/schema\/person\/image\/","url":"https:\/\/secure.gravatar.com\/avatar\/ee265eb0063318c308c04d78d19df9e009f02feea93cd72838a5c405f8577549?s=96&d=mm&r=g","contentUrl":"https:\/\/secure.gravatar.com\/avatar\/ee265eb0063318c308c04d78d19df9e009f02feea93cd72838a5c405f8577549?s=96&d=mm&r=g","caption":"Vanesa"},"sameAs":["http:\/\/reparacionmovil.es\/blog"]}]}},"_links":{"self":[{"href":"https:\/\/reparacionmovil.es\/blog\/wp-json\/wp\/v2\/posts\/965","targetHints":{"allow":["GET"]}}],"collection":[{"href":"https:\/\/reparacionmovil.es\/blog\/wp-json\/wp\/v2\/posts"}],"about":[{"href":"https:\/\/reparacionmovil.es\/blog\/wp-json\/wp\/v2\/types\/post"}],"author":[{"embeddable":true,"href":"https:\/\/reparacionmovil.es\/blog\/wp-json\/wp\/v2\/users\/1"}],"replies":[{"embeddable":true,"href":"https:\/\/reparacionmovil.es\/blog\/wp-json\/wp\/v2\/comments?post=965"}],"version-history":[{"count":1,"href":"https:\/\/reparacionmovil.es\/blog\/wp-json\/wp\/v2\/posts\/965\/revisions"}],"predecessor-version":[{"id":967,"href":"https:\/\/reparacionmovil.es\/blog\/wp-json\/wp\/v2\/posts\/965\/revisions\/967"}],"wp:featuredmedia":[{"embeddable":true,"href":"https:\/\/reparacionmovil.es\/blog\/wp-json\/wp\/v2\/media\/966"}],"wp:attachment":[{"href":"https:\/\/reparacionmovil.es\/blog\/wp-json\/wp\/v2\/media?parent=965"}],"wp:term":[{"taxonomy":"category","embeddable":true,"href":"https:\/\/reparacionmovil.es\/blog\/wp-json\/wp\/v2\/categories?post=965"},{"taxonomy":"post_tag","embeddable":true,"href":"https:\/\/reparacionmovil.es\/blog\/wp-json\/wp\/v2\/tags?post=965"}],"curies":[{"name":"wp","href":"https:\/\/api.w.org\/{rel}","templated":true}]}}